{"id":51074,"date":"2019-08-09T10:10:00","date_gmt":"2019-08-09T14:10:00","guid":{"rendered":"https:\/\/linitiative.ca\/International\/youssef-chahed-a-depose-sa-candidature-aux-presidentielles-mais-ne-demissionnera-pas-de-son-poste-de-chef-de-gouvernement-photos\/"},"modified":"2019-08-09T10:10:00","modified_gmt":"2019-08-09T14:10:00","slug":"youssef-chahed-a-depose-sa-candidature-aux-presidentielles-mais-ne-demissionnera-pas-de-son-poste-de-chef-de-gouvernement-photos","status":"publish","type":"post","link":"https:\/\/linitiative.ca\/International\/youssef-chahed-a-depose-sa-candidature-aux-presidentielles-mais-ne-demissionnera-pas-de-son-poste-de-chef-de-gouvernement-photos\/","title":{"rendered":"Youssef Chahed \u00e0 d\u00e9pos\u00e9 sa candidature aux pr\u00e9sidentielles mais ne d\u00e9missionnera pas de son poste de chef de Gouvernement (Photos)"},"content":{"rendered":"<p>Youssef Chahed a d\u00e9pos\u00e9 ce vendredi au nom de Tahia Toun\u00e8s son dossier de candidature \u00e0 l\u2019\u00e9lection pr\u00e9sidentielle anticip\u00e9e au si\u00e8ge de l\u2019Isie. La veille, il avait annonc\u00e9 sa d\u00e9cision de se pr\u00e9senter \u00e0 ces \u00e9lections apr\u00e8s un vote unanime du conseil national \u00e9largi de son parti r\u00e9uni en session extraordinaire. Pour autant, Youssef Chahed ne d\u00e9missionnera pas de ses fonctions de chef de Gouvernement.<\/p>\n<p>Dans une d\u00e9claration, Youssef Chahed a dress\u00e9 le portrait-robot du candidat id\u00e9al \u00e0 la pr\u00e9sidence: il doit \u00eatre jeune, propre, avoir les mains et les id\u00e9es propres et un bon communicateur. Le pr\u00e9sident de la R\u00e9publique doit \u00eatre impr\u00e9gn\u00e9 du sens de l\u2019Etat, un garant du respect de la constitution et s\u2019emploie \u00e0 restaurer la confiance. En somme, un portrait qui lui ressemble sur bien des points. Des trois candidats, il est le seul \u00e0 r\u00e9unir toutes les qualit\u00e9s requises pour \u00eatre un bon pr\u00e9sident. Quant aux d\u00e9fauts, l&rsquo;allusion \u00e0 ses deux rivaux est \u00e0 peine voil\u00e9e.<\/p>\n<p class=\"c3\">S\u2019agissant des appels \u00e0 sa d\u00e9mission, Youssef Chahed s\u2019est exclam\u00e9: \u00abcomment vais-je d\u00e9missionner alors que le pays est engag\u00e9 dans une guerre contre le terrorisme, sans oublier le tourisme et la rentr\u00e9e scolaire. D\u00e9missionner reviendrait \u00e0 fuir ses responsabilit\u00e9s. En tout cas, il y a une instance qui est est garante de la transparence, de la r\u00e9gularit\u00e9 du vote, et je m\u2019en tiens \u00e0 ses d\u00e9cisions\u00bb.<\/p>\n<p>Auteur:<br \/>\n<a href=\"https:\/\/www.leaders.com.tn\/article\/27728-youssef-chahed-depose-son-dossier-de-candidature-aux-presidentielles-sans-demissionner-de-son-poste-de-chef-de-gouvernement\">Cliquez ici pour lire l&rsquo;article depuis sa source.<\/a><\/p>\n","protected":false},"excerpt":{"rendered":"<p>Youssef Chahed a d\u00e9pos\u00e9 ce vendredi au nom de Tahia Toun\u00e8s son dossier de candidature \u00e0 l\u2019\u00e9lection pr\u00e9sidentielle anticip\u00e9e au si\u00e8ge de l\u2019Isie. La veille, il avait annonc\u00e9 sa d\u00e9cision de se pr\u00e9senter \u00e0 ces \u00e9lections apr\u00e8s un vote unanime du conseil national \u00e9largi de son parti r\u00e9uni en session extraordinaire. Pour autant, Youssef Chahed [&hellip;]<\/p>\n","protected":false},"author":1772,"featured_media":0,"comment_status":"closed","ping_status":"closed","sticky":false,"template":"","format":"standard","meta":{"fifu_image_url":"","fifu_image_alt":"","footnotes":""},"categories":[73,55],"tags":[],"class_list":["post-51074","post","type-post","status-publish","format-standard","hentry","category-actualite","category-tunisie"],"_links":{"self":[{"href":"https:\/\/linitiative.ca\/International\/wp-json\/wp\/v2\/posts\/51074","targetHints":{"allow":["GET"]}}],"collection":[{"href":"https:\/\/linitiative.ca\/International\/wp-json\/wp\/v2\/posts"}],"about":[{"href":"https:\/\/linitiative.ca\/International\/wp-json\/wp\/v2\/types\/post"}],"author":[{"embeddable":true,"href":"https:\/\/linitiative.ca\/International\/wp-json\/wp\/v2\/users\/1772"}],"replies":[{"embeddable":true,"href":"https:\/\/linitiative.ca\/International\/wp-json\/wp\/v2\/comments?post=51074"}],"version-history":[{"count":0,"href":"https:\/\/linitiative.ca\/International\/wp-json\/wp\/v2\/posts\/51074\/revisions"}],"wp:attachment":[{"href":"https:\/\/linitiative.ca\/International\/wp-json\/wp\/v2\/media?parent=51074"}],"wp:term":[{"taxonomy":"category","embeddable":true,"href":"https:\/\/linitiative.ca\/International\/wp-json\/wp\/v2\/categories?post=51074"},{"taxonomy":"post_tag","embeddable":true,"href":"https:\/\/linitiative.ca\/International\/wp-json\/wp\/v2\/tags?post=51074"}],"curies":[{"name":"wp","href":"https:\/\/api.w.org\/{rel}","templated":true}]}}