{"id":51100,"date":"2019-08-08T17:52:53","date_gmt":"2019-08-08T21:52:53","guid":{"rendered":"https:\/\/linitiative.ca\/International\/apres-le-pretoire-la-defense-de-diendere-joue-les-prolongations\/"},"modified":"2019-08-08T17:52:53","modified_gmt":"2019-08-08T21:52:53","slug":"apres-le-pretoire-la-defense-de-diendere-joue-les-prolongations","status":"publish","type":"post","link":"https:\/\/linitiative.ca\/International\/apres-le-pretoire-la-defense-de-diendere-joue-les-prolongations\/","title":{"rendered":"Apr\u00e8s le pr\u00e9toire, la d\u00e9fense de Diend\u00e9r\u00e9 joue les prolongations"},"content":{"rendered":"<div class=\"td-post-featured-image\"><a href=\"https:\/\/i2.wp.com\/www.sidwaya.info\/wp-content\/uploads\/2019\/08\/proces09.gif?fit=787%2C524&#038;ssl=1\" data-caption=\"\"><img loading=\"lazy\" decoding=\"async\" width=\"696\" height=\"463\" class=\"entry-thumb td-modal-image\" src=\"https:\/\/i2.wp.com\/www.sidwaya.info\/wp-content\/uploads\/2019\/08\/proces09.gif?resize=696%2C463&#038;ssl=1\" alt=\"\" title=\"proces09\"\/><\/a><\/div>\n<p><strong>Les avocats qui d\u00e9fendent le g\u00e9n\u00e9ral Gilbert Diend\u00e9r\u00e9 dans le cadre du proc\u00e8s du coup d\u2019Etat manqu\u00e9\u00a0 du 15 septembre 2015 ont anim\u00e9 une conf\u00e9rence de presse le jeudi 8 ao\u00fbt 2019 \u00e0 Ouagadougou. A l\u2019occasion, ils ont d\u00e9nonc\u00e9 \u00e0 nouveau la violation des r\u00e8gles d\u2019un proc\u00e8s \u00e9quitable.<\/strong><\/p>\n<p>Les avocats du g\u00e9n\u00e9ral Gilbert Diend\u00e9r\u00e9 au proc\u00e8s du coup d\u2019Etat manqu\u00e9 du 15 septembre 2015 ont la conviction que les r\u00e8gles d\u2019une justice impartiale et \u00e9quitable ont \u00e9t\u00e9 viol\u00e9es. Ils l\u2019ont d\u00e9clar\u00e9 hier 8 ao\u00fbt, au cours d\u2019une conf\u00e9rence de presse \u00e0 Ouagadougou. Le porte-parole de la d\u00e9fense de l\u2019accus\u00e9, Me Jean Yaovi Degli, a indiqu\u00e9 que malgr\u00e9 les moyens dont dispose l\u2019Etat, le parquet militaire a \u00e9t\u00e9 incapable d\u2019apporter des preuves convaincantes de la culpabilit\u00e9 de son client comme l\u2019exigent les standards internationaux et nationaux d\u2019un Etat de droit. Le pire, a-t-il poursuivi, le minist\u00e8re public, qui avait la possibilit\u00e9 de faire des enqu\u00eates pour savoir quels sont les auteurs exacts des meurtres, ne l\u2019a pas fait. \u00ab Non seulement, la gendarmerie aura refus\u00e9 de faire les constats d\u2019usage \u00e0 la demande du g\u00e9n\u00e9ral Diend\u00e9r\u00e9, mais le juge d\u2019instruction et le parquet militaire ne feront aucun effort pour mettre un visage clair sur ces divers crimes \u00bb, a regrett\u00e9 Me Degli. Par cons\u00e9quent, le doyen des avocats du pr\u00e9venu dit ne pas comprendre pourquoi le parquet demande au tribunal de combler ses lacunes en pronon\u00e7ant une sanction lourde en application de l\u2019article 67 du Code p\u00e9nal ancien contre son client. Reconnaissant que le g\u00e9n\u00e9ral Diend\u00e9r\u00e9 n\u2019a jamais ni\u00e9 avoir assum\u00e9 la vacance du pouvoir \u00e0 la suite des \u00e9v\u00e9nements de septembre 2015, le porte-parole du conseil du g\u00e9n\u00e9ral Diend\u00e9r\u00e9 a pr\u00e9cis\u00e9 que son prot\u00e9g\u00e9 a accept\u00e9 cette responsabilit\u00e9 sur proposition de l\u2019ancien pr\u00e9sident du Faso, Jean Baptiste Ou\u00e9draogo et de la hi\u00e9rarchie militaire comme le rappelle l\u2019arr\u00eat de renvoi.<br \/>\u00ab Il l\u2019a assum\u00e9 pour \u00e9viter le chaos qui se profilait \u00e0 l\u2019horizon pour le Burkina Faso. Rien que pour cela, il doit b\u00e9n\u00e9ficier de circonstance att\u00e9nuante \u00bb, a-t-il relev\u00e9.<\/p>\n<p>D\u00e9fense \u00e0 titre gracieux<\/p>\n<p>C\u2019est pourquoi la d\u00e9fense dit se tourner vers le tribunal qui, \u00e0 ce stade, est la seule autorit\u00e9, \u00e0 ses yeux, susceptible de permettre que la proc\u00e9dure judicaire r\u00e9ponde aux normes internationales. Avez-vous le sentiment que la messe est d\u00e9j\u00e0 dite\u00a0? A cette question des journalistes, Me Degli a souhait\u00e9 que le tribunal joue sa partition, afin que le Burkina Faso connaisse une justice digne de la civilisation du pays des Hommes int\u00e8gres. Cependant, il dit avoir des inqui\u00e9tudes. \u00ab La justice burkinab\u00e8 a d\u00e9j\u00e0 proc\u00e9d\u00e9 \u00e0 des condamnations dans les m\u00eames types d\u2019infractions. Nous craignons que les juges ne cherchent juste \u00e0 confirmer leur jurisprudence, m\u00eame si celle-ci est fond\u00e9e sur des erreurs \u00bb, s\u2019est-il inqui\u00e9t\u00e9. Qu\u2019est-ce qui explique l\u2019engagement de Me Degli au c\u00f4t\u00e9 du g\u00e9n\u00e9ral Diend\u00e9r\u00e9, l\u2019argent ou autre chose? \u00ab Les valeurs que je pr\u00f4ne ne me permettent pas de d\u00e9fendre n\u2019importe qui\u00bb, a-t-il r\u00e9pondu. \u00abAvant d\u2019accepter le dossier, j\u2019ai eu un entretien tr\u00e8s dur avec mon client pour savoir s\u2019il dit la v\u00e9rit\u00e9. Je d\u00e9fends le g\u00e9n\u00e9ral gratuitement \u00e0 la demande d\u2019un ami qui m\u2019a sorti de la mort en juillet 1992 au Togo \u00bb, a expliqu\u00e9 le porte-voix des avocats de Gibert Di\u00e9nd\u00e9r\u00e9. L\u2019accus\u00e9 est poursuivi pour des crimes d\u2019attentat \u00e0 la s\u00fbret\u00e9 de l\u2019Etat, de trahison, d\u2019incitation \u00e0 commettre des actes contraires au r\u00e8glement et \u00e0 la discipline ainsi que des crimes de meurtre, de coups et blessures volontaires.<\/p>\n<p>Abdoulaye BALBONE<br \/>Gwladys KONSEIBO<br \/>(Stagiaire)<\/p>\n<div class=\"td-a-rec td-a-rec-id-content_bottom td_uid_30_5d4de92fce164_rand td_block_template_1\"><img loading=\"lazy\" decoding=\"async\" class=\"aligncenter size-full wp-image-9623\" src=\"https:\/\/www.sidwaya.info\/wp-content\/uploads\/2019\/06\/Projet-bannie%CC%80re-Orange-mobile.jpg\" alt=\"\" width=\"728\" height=\"81\"\/><\/div>\n<p>Auteur: DB. Sidwaya<br \/>\n<a href=\"https:\/\/www.sidwaya.info\/blog\/2019\/08\/08\/apres-le-pretoire-la-defense-de-diendere-joue-les-prolongations\/\">Cliquez ici pour lire l&rsquo;article depuis sa source.<\/a><\/p>\n","protected":false},"excerpt":{"rendered":"<p>Les avocats qui d\u00e9fendent le g\u00e9n\u00e9ral Gilbert Diend\u00e9r\u00e9 dans le cadre du proc\u00e8s du coup d\u2019Etat manqu\u00e9\u00a0 du 15 septembre 2015 ont anim\u00e9 une conf\u00e9rence de presse le jeudi 8 ao\u00fbt 2019 \u00e0 Ouagadougou. A l\u2019occasion, ils ont d\u00e9nonc\u00e9 \u00e0 nouveau la violation des r\u00e8gles d\u2019un proc\u00e8s \u00e9quitable. Les avocats du g\u00e9n\u00e9ral Gilbert Diend\u00e9r\u00e9 au [&hellip;]<\/p>\n","protected":false},"author":1816,"featured_media":0,"comment_status":"closed","ping_status":"closed","sticky":false,"template":"","format":"standard","meta":{"fifu_image_url":"","fifu_image_alt":"","footnotes":""},"categories":[73,81],"tags":[],"class_list":["post-51100","post","type-post","status-publish","format-standard","hentry","category-actualite","category-burkina-faso"],"_links":{"self":[{"href":"https:\/\/linitiative.ca\/International\/wp-json\/wp\/v2\/posts\/51100","targetHints":{"allow":["GET"]}}],"collection":[{"href":"https:\/\/linitiative.ca\/International\/wp-json\/wp\/v2\/posts"}],"about":[{"href":"https:\/\/linitiative.ca\/International\/wp-json\/wp\/v2\/types\/post"}],"author":[{"embeddable":true,"href":"https:\/\/linitiative.ca\/International\/wp-json\/wp\/v2\/users\/1816"}],"replies":[{"embeddable":true,"href":"https:\/\/linitiative.ca\/International\/wp-json\/wp\/v2\/comments?post=51100"}],"version-history":[{"count":0,"href":"https:\/\/linitiative.ca\/International\/wp-json\/wp\/v2\/posts\/51100\/revisions"}],"wp:attachment":[{"href":"https:\/\/linitiative.ca\/International\/wp-json\/wp\/v2\/media?parent=51100"}],"wp:term":[{"taxonomy":"category","embeddable":true,"href":"https:\/\/linitiative.ca\/International\/wp-json\/wp\/v2\/categories?post=51100"},{"taxonomy":"post_tag","embeddable":true,"href":"https:\/\/linitiative.ca\/International\/wp-json\/wp\/v2\/tags?post=51100"}],"curies":[{"name":"wp","href":"https:\/\/api.w.org\/{rel}","templated":true}]}}