{"id":51101,"date":"2019-08-08T17:54:34","date_gmt":"2019-08-08T21:54:34","guid":{"rendered":"https:\/\/linitiative.ca\/International\/du-coq-a-lane-sautez\/"},"modified":"2019-08-08T17:54:34","modified_gmt":"2019-08-08T21:54:34","slug":"du-coq-a-lane-sautez","status":"publish","type":"post","link":"https:\/\/linitiative.ca\/International\/du-coq-a-lane-sautez\/","title":{"rendered":"Du coq \u00e0 l\u2019\u00e2ne, sautez !"},"content":{"rendered":"<p>Depuis que la d\u00e9mocratie est venue nous engluer dans la paresse et l\u2019\u00e9go\u00efsme, l\u2019int\u00e9r\u00eat commun n\u2019est plus qu\u2019un vain groupe de mots qui souffre de tous les maux. Avec la d\u00e9mocratie, la libert\u00e9 est sacr\u00e9e et le Burkinab\u00e8 d\u2019antan a l\u2019air d\u2019un projet inachev\u00e9, perdu au pr\u00e9sent. Hier seulement patriote combattif, attach\u00e9 \u00e0 la nation et pr\u00eat \u00e0 mourir pour la patrie ; aujourd\u2019hui, compatriote en papier froissable \u00e0 volont\u00e9 au moindre coup de \u00ab feuilles \u00bb craquantes. L\u2019argent a remplac\u00e9 les gens au point que les uns sacrifient les autres pour \u00eatre heureux les mains sales. Le go\u00fbt du pouvoir a rendu fades les d\u00e9lices du savoir dans un pays o\u00f9 l\u2019honneur et la fiert\u00e9 tra\u00eenent les pas derri\u00e8re une int\u00e9grit\u00e9 pure et propre comme du charbon fin. On peut mettre sa main au feu et mentir en jurant de dire la v\u00e9rit\u00e9 rien que la v\u00e9rit\u00e9. L\u2019amour de la patrie est un slogan commercial d\u2019infid\u00e8les marchands d\u2019illusions. Chacun balaie devant sa cour pour jeter \u00e0 la porte du voisin ; personne n\u2019est capable de meilleur que pour soi. L\u2019\u00e8re de la solidarit\u00e9 a c\u00e9d\u00e9 la place au temps de la cupidit\u00e9 et de l\u2019indiff\u00e9rence. Plus personne ne veut mettre la main \u00e0 la p\u00e2te ; tous veulent fouiner dans les poches du boubou de l\u2019autre. Sous perfusion, l\u2019\u00e9conomie nationale est un grabataire aux jours compt\u00e9s mais les accompagnants du malade sucent son sang sans se faire du sang d\u2019encre. Il y en a m\u00eame qui ont fini par devenir riches \u00e0 force de lutter contre la pauvret\u00e9. C\u2019est contradictoire mais la contradiction n\u2019est-elle pas la s\u00e8ve nourrici\u00e8re de la d\u00e9mocratie ? Pendant que le panier de la m\u00e9nag\u00e8re se r\u00e9tr\u00e9cit comme une peau de chagrin, la gibeci\u00e8re de l\u2019imp\u00e9nitent commis ind\u00e9licat se nourrit de la sueur des dignes. La d\u00e9mocratie est le meilleur moyen de se d\u00e9velopper sans avancer. Que de d\u00e9bats st\u00e9riles sans actions concr\u00e8tes ; que de verbiage aux allures de cacophonie ; on s\u2019\u00e9coute mieux quand on se bouche les oreilles ; on voit clair quand tout est flou.<br \/>Dans ce tohu-bohu, ne cherchez surtout pas la v\u00e9rit\u00e9 ; elle a exist\u00e9 dans le temps mais c\u2019\u00e9tait \u00e0 l\u2019heure o\u00f9 il y avait encore des hommes. Ne pensez pas \u00e0 la droiture ; l\u2019honn\u00eatet\u00e9 a la forme d\u2019une faucille et le juste partage et tranche toujours en faveur du plus fort. L\u2019homme de parole est un amn\u00e9sique tartuffe g\u00e9ant \u00e0 la fourberie subtile. M\u00eame face \u00e0 leurs propres propos il y en a qui refusent et crient au quiproquo. Quel imbroglio ! D\u2019autres parlent m\u00eame de montage devant leur conscience en d\u00e9lestage. Le Burkinab\u00e8 d\u2019aujourd\u2019hui ne cherche pas \u00e0 entrer dans l\u2019histoire ; il y a longtemps que l\u2019histoire lui a ferm\u00e9 ses portes. Le Burkinab\u00e8 d\u2019aujourd\u2019hui est un h\u00e9ros qui ne fait rien sans compter, sans calculer, sans jauger. L\u2019engagement du leader n\u2019est qu\u2019un placement de dealer \u00e0 moyen ou \u00e0 long terme. Finie, l\u2019\u00e8re des h\u00e9ros qui se battaient pour z\u00e9ro ; fini, le temps des francs parleurs dont les discours restent grav\u00e9s dans du marbre. Bonjour au si\u00e8cle des beaux parleurs \u00e0 peine audibles dans un haut-parleur. A quoi sert de jouer le h\u00e9ros quand la seule r\u00e9compense est d\u2019\u00eatre adul\u00e9 et reconnu \u00e0 titre posthume ? A quoi bon s\u2019il s\u2019agit juste d\u2019avoir eu du cran sur un banc de touche ? Pour quel id\u00e9al peut-on encore vraiment se battre quand les b\u00e9n\u00e9ficiaires de la lutte sont des poules qui picorent et pi\u00e9tinent les graines de l\u2019usufruit dans la boue ? Ceux qui se sont battus pour nous au point de tout troquer se sont tromp\u00e9s de combat ; leur h\u00e9ritage est un brouhaha de saltimbanque r\u00e9duit au rang de pastiche ou de parodie. Voil\u00e0 pourquoi, on nous traitera au rabais d\u2019appartenir \u00e0 la race asine, parce que nous avons os\u00e9 beugler dans les oreilles du ma\u00eetre \u00e0 penser. Mais ne vaut-il pas mieux \u00eatre comme l\u2019\u00e2ne de Buridan que de faire l\u2019\u00e2ne pour avoir du son ? \u00c7a tape \u00e0 l\u2019\u0153il ; c\u2019est m\u00eame un pont aux \u00e2nes ! Mais \u00e0 quoi bon le coup de pied de l\u2019\u00e2ne ? Si seulement le ma\u00eetre reconnaissait que c\u2019est gr\u00e2ce \u00e0 l\u2019\u00e2ne que la basse-cour aux gazouillis s\u2019est \u00e9rig\u00e9e. S\u2019il savait que l\u2019\u00e2ne ne demande qu\u2019\u00e0 brouter juste l\u00e0 o\u00f9 on l\u2019a attach\u00e9, le foin qui lui revient de droit ! Et si l\u2019\u00e2ne savait qu\u2019il doit enfin travailler pour lui-m\u00eame, nous n\u2019en serions pas l\u00e0, las de la rh\u00e9torique du bourreau et de la victime. La vraie ind\u00e9pendance se prend, elle ne se donne pas, ne se qu\u00e9mande pas. Elle s\u2019arrache dans le travail, dans l\u2019autodiscipline, dans le respect mutuel. Sinon, nous continuerons \u00e0 sauter du coq \u00e0 l\u2019\u00e2ne !<\/p>\n<p>Cl\u00e9ment ZONGO<br \/>clmentzongo@yahoo.fr<\/p>\n<div class=\"td-a-rec td-a-rec-id-content_bottom td_uid_30_5d4de9342d27c_rand td_block_template_1\"><img loading=\"lazy\" decoding=\"async\" class=\"aligncenter size-full wp-image-9623\" src=\"https:\/\/www.sidwaya.info\/wp-content\/uploads\/2019\/06\/Projet-bannie%CC%80re-Orange-mobile.jpg\" alt=\"\" width=\"728\" height=\"81\"\/><\/div>\n<p>Auteur: DB. Sidwaya<br \/>\n<a href=\"https:\/\/www.sidwaya.info\/blog\/2019\/08\/08\/du-coq-a-lane-sautez\/\">Cliquez ici pour lire l&rsquo;article depuis sa source.<\/a><\/p>\n","protected":false},"excerpt":{"rendered":"<p>Depuis que la d\u00e9mocratie est venue nous engluer dans la paresse et l\u2019\u00e9go\u00efsme, l\u2019int\u00e9r\u00eat commun n\u2019est plus qu\u2019un vain groupe de mots qui souffre de tous les maux. Avec la d\u00e9mocratie, la libert\u00e9 est sacr\u00e9e et le Burkinab\u00e8 d\u2019antan a l\u2019air d\u2019un projet inachev\u00e9, perdu au pr\u00e9sent. Hier seulement patriote combattif, attach\u00e9 \u00e0 la nation [&hellip;]<\/p>\n","protected":false},"author":1816,"featured_media":51102,"comment_status":"closed","ping_status":"closed","sticky":false,"template":"","format":"standard","meta":{"fifu_image_url":"","fifu_image_alt":"","footnotes":""},"categories":[73,81],"tags":[],"class_list":["post-51101","post","type-post","status-publish","format-standard","has-post-thumbnail","hentry","category-actualite","category-burkina-faso"],"_links":{"self":[{"href":"https:\/\/linitiative.ca\/International\/wp-json\/wp\/v2\/posts\/51101","targetHints":{"allow":["GET"]}}],"collection":[{"href":"https:\/\/linitiative.ca\/International\/wp-json\/wp\/v2\/posts"}],"about":[{"href":"https:\/\/linitiative.ca\/International\/wp-json\/wp\/v2\/types\/post"}],"author":[{"embeddable":true,"href":"https:\/\/linitiative.ca\/International\/wp-json\/wp\/v2\/users\/1816"}],"replies":[{"embeddable":true,"href":"https:\/\/linitiative.ca\/International\/wp-json\/wp\/v2\/comments?post=51101"}],"version-history":[{"count":0,"href":"https:\/\/linitiative.ca\/International\/wp-json\/wp\/v2\/posts\/51101\/revisions"}],"wp:featuredmedia":[{"embeddable":true,"href":"https:\/\/linitiative.ca\/International\/wp-json\/"}],"wp:attachment":[{"href":"https:\/\/linitiative.ca\/International\/wp-json\/wp\/v2\/media?parent=51101"}],"wp:term":[{"taxonomy":"category","embeddable":true,"href":"https:\/\/linitiative.ca\/International\/wp-json\/wp\/v2\/categories?post=51101"},{"taxonomy":"post_tag","embeddable":true,"href":"https:\/\/linitiative.ca\/International\/wp-json\/wp\/v2\/tags?post=51101"}],"curies":[{"name":"wp","href":"https:\/\/api.w.org\/{rel}","templated":true}]}}