{"id":51103,"date":"2019-08-08T18:05:20","date_gmt":"2019-08-08T22:05:20","guid":{"rendered":"https:\/\/linitiative.ca\/International\/centre-est-la-mine-dor-de-youga-saccagee-apres-la-mort-dun-riverain\/"},"modified":"2019-08-08T18:05:20","modified_gmt":"2019-08-08T22:05:20","slug":"centre-est-la-mine-dor-de-youga-saccagee-apres-la-mort-dun-riverain","status":"publish","type":"post","link":"https:\/\/linitiative.ca\/International\/centre-est-la-mine-dor-de-youga-saccagee-apres-la-mort-dun-riverain\/","title":{"rendered":"Centre-Est La mine d\u2019or de Youga saccag\u00e9e, apr\u00e8s la mort d\u2019un riverain"},"content":{"rendered":"<div class=\"td-post-featured-image\"><a href=\"https:\/\/i1.wp.com\/www.sidwaya.info\/wp-content\/uploads\/2019\/08\/youga09.gif?fit=787%2C590&#038;ssl=1\" data-caption=\"\"><img loading=\"lazy\" decoding=\"async\" width=\"696\" height=\"522\" class=\"entry-thumb td-modal-image\" src=\"https:\/\/i1.wp.com\/www.sidwaya.info\/wp-content\/uploads\/2019\/08\/youga09.gif?resize=696%2C522&#038;ssl=1\" alt=\"\" title=\"youga09\"\/><\/a><\/div>\n<p>Le site abritant des installations de la mine d\u2019or de Youga, dans la r\u00e9gion du Centre-Est, \u00e9tait m\u00e9connaissable. Des v\u00e9hicules saccag\u00e9s et incendi\u00e9s, des vitres bris\u00e9es, des b\u00e2timents, notamment l\u2019usine, la fonderie, le magasin carbonis\u00e9s. C\u2019est le bilan de la furie des orpailleurs sur l\u2019industrie mini\u00e8re, hier 8 ao\u00fbt 2019 vers 6h 30, \u00e0 la suite de la mort d\u2019un des leurs, la veille, sur les lieux. Selon des informations recueillies par nos confr\u00e8res de la Radiodiffusion t\u00e9l\u00e9vision du Burkina et des t\u00e9moins sur place, un orpailleur se serait rendu sur la mine dans la nuit de mercredi 7 \u00e0 jeudi 8 ao\u00fbt aux environs de 1 heure du matin. Ne sachant pas ce qu\u2019il cherchait sur les lieux, une patrouille de la s\u00e9curit\u00e9 aurait tent\u00e9 de l\u2019interpeller. Puis s\u2019en est suivie une altercation entra\u00eenant la mort de l\u2019orpailleur. D\u2019apr\u00e8s les m\u00eames sources, la population alors se serait rendue sur les lieux hier jeudi 8 ao\u00fbt \u00e0 partir de 6h 30 du matin pour saccager et mettre le feu sur tout ce qui se trouvait sur son passage. Selon un communiqu\u00e9 du minist\u00e8re de la S\u00e9curit\u00e9, les repr\u00e9sailles de la population ont occasionn\u00e9 des bless\u00e9s et d\u2019importants d\u00e9g\u00e2ts mat\u00e9riels. Le m\u00eame document indique que le \u00abvigile, auteur du tir meurtrier\u00bb, a \u00e9t\u00e9 interpell\u00e9 et gard\u00e9 \u00e0 vue au commissariat de police de Zabr\u00e9. La note pr\u00e9cise par ailleurs qu\u2019une enqu\u00eate a \u00e9t\u00e9 ouverte, alors que les responsables de la mine d\u2019or ont \u00e9t\u00e9 \u00e9vacu\u00e9s \u00e0 Zabr\u00e9 pour \u00eatre convoy\u00e9s \u00e0 Ouagadougou.<\/p>\n<p>La R\u00e9daction<\/p>\n<div class=\"td-a-rec td-a-rec-id-content_bottom td_uid_30_5d4de9397cc94_rand td_block_template_1\"><img loading=\"lazy\" decoding=\"async\" class=\"aligncenter size-full wp-image-9623\" src=\"https:\/\/www.sidwaya.info\/wp-content\/uploads\/2019\/06\/Projet-bannie%CC%80re-Orange-mobile.jpg\" alt=\"\" width=\"728\" height=\"81\"\/><\/div>\n<p>Auteur: DB. Sidwaya<br \/>\n<a href=\"https:\/\/www.sidwaya.info\/blog\/2019\/08\/08\/centre-est-la-mine-dor-de-youga-saccagee-apres-la-mort-dun-riverain\/\">Cliquez ici pour lire l&rsquo;article depuis sa source.<\/a><\/p>\n","protected":false},"excerpt":{"rendered":"<p>Le site abritant des installations de la mine d\u2019or de Youga, dans la r\u00e9gion du Centre-Est, \u00e9tait m\u00e9connaissable. Des v\u00e9hicules saccag\u00e9s et incendi\u00e9s, des vitres bris\u00e9es, des b\u00e2timents, notamment l\u2019usine, la fonderie, le magasin carbonis\u00e9s. C\u2019est le bilan de la furie des orpailleurs sur l\u2019industrie mini\u00e8re, hier 8 ao\u00fbt 2019 vers 6h 30, \u00e0 la [&hellip;]<\/p>\n","protected":false},"author":1816,"featured_media":0,"comment_status":"closed","ping_status":"closed","sticky":false,"template":"","format":"standard","meta":{"fifu_image_url":"","fifu_image_alt":"","footnotes":""},"categories":[73,81],"tags":[],"class_list":["post-51103","post","type-post","status-publish","format-standard","hentry","category-actualite","category-burkina-faso"],"_links":{"self":[{"href":"https:\/\/linitiative.ca\/International\/wp-json\/wp\/v2\/posts\/51103","targetHints":{"allow":["GET"]}}],"collection":[{"href":"https:\/\/linitiative.ca\/International\/wp-json\/wp\/v2\/posts"}],"about":[{"href":"https:\/\/linitiative.ca\/International\/wp-json\/wp\/v2\/types\/post"}],"author":[{"embeddable":true,"href":"https:\/\/linitiative.ca\/International\/wp-json\/wp\/v2\/users\/1816"}],"replies":[{"embeddable":true,"href":"https:\/\/linitiative.ca\/International\/wp-json\/wp\/v2\/comments?post=51103"}],"version-history":[{"count":0,"href":"https:\/\/linitiative.ca\/International\/wp-json\/wp\/v2\/posts\/51103\/revisions"}],"wp:attachment":[{"href":"https:\/\/linitiative.ca\/International\/wp-json\/wp\/v2\/media?parent=51103"}],"wp:term":[{"taxonomy":"category","embeddable":true,"href":"https:\/\/linitiative.ca\/International\/wp-json\/wp\/v2\/categories?post=51103"},{"taxonomy":"post_tag","embeddable":true,"href":"https:\/\/linitiative.ca\/International\/wp-json\/wp\/v2\/tags?post=51103"}],"curies":[{"name":"wp","href":"https:\/\/api.w.org\/{rel}","templated":true}]}}