{"id":51106,"date":"2019-08-09T13:08:42","date_gmt":"2019-08-09T17:08:42","guid":{"rendered":"https:\/\/linitiative.ca\/International\/manaouda-malachie-suspend-le-directeur-de-lhopital-de-district-de-kaele\/"},"modified":"2019-08-09T13:08:42","modified_gmt":"2019-08-09T17:08:42","slug":"manaouda-malachie-suspend-le-directeur-de-lhopital-de-district-de-kaele","status":"publish","type":"post","link":"https:\/\/linitiative.ca\/International\/manaouda-malachie-suspend-le-directeur-de-lhopital-de-district-de-kaele\/","title":{"rendered":"Manaouda Malachie suspend le directeur de l\u2019h\u00f4pital de district de Ka\u00e9l\u00e9"},"content":{"rendered":"<div readability=\"32\">\n<p>Publi\u00e9 le 09.08.2019 \u00e0 18h08 par Jean Christian Nselel<\/p>\n<\/div>\n<div readability=\"48\">\n<h2>Le ministre camerounais de la Sant\u00e9 publique Manaouda Malachie vient d\u2019infliger une suspension de 3 mois \u00e0 Djongmo Daissala, directeur de l\u2019h\u00f4pital de district de Ka\u00e9l\u00e9.<\/h2>\n<p>Selon la d\u00e9cision du ministre, monsieur Djongmo Daissala est suspendu de ses fonctions pour manquement grave \u00e0 la d\u00e9ontologie et \u00e0 ses obligations professionnelles.<\/p>\n<p>Le chef de district de sant\u00e9 de Ka\u00e9l\u00e9 assurera l\u2019int\u00e9rim de Djongmo Daissala -durant la p\u00e9riode de cette suspension-\u00a0 \u00e0 la t\u00eate dudit h\u00f4pital.<\/p>\n<p>Cette suspension fait suite au d\u00e9c\u00e8s tragique de Widiba, une patiente en attente d\u2019une c\u00e9sarienne d\u00e9c\u00e9d\u00e9e le 03 aout dernier au sein de cet h\u00f4pital. Au cours de l\u2019admission de la patiente au sein de la formation hospitali\u00e8re, aucun des deux m\u00e9decins comp\u00e9tents dont le Dr Djongmo Daissala ne se trouvait \u00e0 l\u2019h\u00f4pital pour lui administrer les soins requis.<\/p>\n<p>A la suite de cet incident, le ministre de la Sant\u00e9 avait prescrit une enqu\u00eate qui a d\u00e9bouch\u00e9 sur cette d\u00e9cision.<\/p>\n<\/div>\n<p>Auteur: Jean-Christian Nselel<br \/>\n<a href=\"https:\/\/www.journalducameroun.com\/manaouda-malachie-suspend-le-directeur-de-lhopital-de-district-de-kaele\/\">Cliquez ici pour lire l&rsquo;article depuis sa source.<\/a><\/p>\n","protected":false},"excerpt":{"rendered":"<p>Publi\u00e9 le 09.08.2019 \u00e0 18h08 par Jean Christian Nselel Le ministre camerounais de la Sant\u00e9 publique Manaouda Malachie vient d\u2019infliger une suspension de 3 mois \u00e0 Djongmo Daissala, directeur de l\u2019h\u00f4pital de district de Ka\u00e9l\u00e9. Selon la d\u00e9cision du ministre, monsieur Djongmo Daissala est suspendu de ses fonctions pour manquement grave \u00e0 la d\u00e9ontologie et [&hellip;]<\/p>\n","protected":false},"author":1965,"featured_media":0,"comment_status":"closed","ping_status":"closed","sticky":false,"template":"","format":"standard","meta":{"fifu_image_url":"","fifu_image_alt":"","footnotes":""},"categories":[73,82],"tags":[],"class_list":["post-51106","post","type-post","status-publish","format-standard","hentry","category-actualite","category-cameroun"],"_links":{"self":[{"href":"https:\/\/linitiative.ca\/International\/wp-json\/wp\/v2\/posts\/51106","targetHints":{"allow":["GET"]}}],"collection":[{"href":"https:\/\/linitiative.ca\/International\/wp-json\/wp\/v2\/posts"}],"about":[{"href":"https:\/\/linitiative.ca\/International\/wp-json\/wp\/v2\/types\/post"}],"author":[{"embeddable":true,"href":"https:\/\/linitiative.ca\/International\/wp-json\/wp\/v2\/users\/1965"}],"replies":[{"embeddable":true,"href":"https:\/\/linitiative.ca\/International\/wp-json\/wp\/v2\/comments?post=51106"}],"version-history":[{"count":0,"href":"https:\/\/linitiative.ca\/International\/wp-json\/wp\/v2\/posts\/51106\/revisions"}],"wp:attachment":[{"href":"https:\/\/linitiative.ca\/International\/wp-json\/wp\/v2\/media?parent=51106"}],"wp:term":[{"taxonomy":"category","embeddable":true,"href":"https:\/\/linitiative.ca\/International\/wp-json\/wp\/v2\/categories?post=51106"},{"taxonomy":"post_tag","embeddable":true,"href":"https:\/\/linitiative.ca\/International\/wp-json\/wp\/v2\/tags?post=51106"}],"curies":[{"name":"wp","href":"https:\/\/api.w.org\/{rel}","templated":true}]}}