{"id":51107,"date":"2019-08-09T13:18:03","date_gmt":"2019-08-09T17:18:03","guid":{"rendered":"https:\/\/linitiative.ca\/International\/guinee-les-corps-des-deux-occupants-de-lhelicoptere-abime-retrouves\/"},"modified":"2019-08-09T13:18:03","modified_gmt":"2019-08-09T17:18:03","slug":"guinee-les-corps-des-deux-occupants-de-lhelicoptere-abime-retrouves","status":"publish","type":"post","link":"https:\/\/linitiative.ca\/International\/guinee-les-corps-des-deux-occupants-de-lhelicoptere-abime-retrouves\/","title":{"rendered":"Guin\u00e9e : les corps des deux occupants de l\u2019h\u00e9licopt\u00e8re ab\u00eem\u00e9 retrouv\u00e9s"},"content":{"rendered":"<div readability=\"32\">\n<p>Publi\u00e9 le 09.08.2019 \u00e0 18h18 par APA News<\/p>\n<\/div>\n<div readability=\"53\">\n<p>Le minist\u00e8re guin\u00e9en de la D\u00e9fense nationale, dans un communiqu\u00e9 parvenu vendredi \u00e0 APA, annonce que le corps du second membre d\u2019\u00e9quipage de l\u2019h\u00e9licopt\u00e8re de l\u2019arm\u00e9e guin\u00e9enne ab\u00eem\u00e9 mardi dernier aux larges de Conakry, a \u00e9t\u00e9 retrouv\u00e9 ce vendredi, apr\u00e8s que le premier ait \u00e9t\u00e9 retrouv\u00e9 hier.Les deux corps ont \u00e9t\u00e9 transf\u00e9r\u00e9s \u00e0 la morgue de l\u2019h\u00f4pital national Ignace Deen, rapporte la note ajoutant que \u00ab les recherches se poursuivent activement pour la collecte des pi\u00e8ces et agr\u00e9gats de l\u2019a\u00e9ronef accident\u00e9 pour toutes fins utiles \u00bb.<\/p>\n<p>Sur sa page Facebook, le directeur de l\u2019information et des relations publiques de l\u2019arm\u00e9e (DIRPA), Aladji Cellou, annonce qu\u2019une enqu\u00eate a d\u00e9j\u00e0 \u00e9t\u00e9 ouverte.\u00a0<\/p>\n<p>\u00ab\u00a0Pendant que les recherches se poursuivent en mer avec de nouveaux moyens mat\u00e9riels plus sophistiqu\u00e9s et mieux adapt\u00e9s \u00e0 cette phase, l\u2019Inspection g\u00e9n\u00e9rale des Forces Arm\u00e9es guin\u00e9ennes a ouvert une enqu\u00eate de commandement pour d\u00e9terminer les circonstances du vol et de l\u2019accident\u00a0\u00bb, a-t-il \u00e9crit.<\/p>\n<\/div>\n<p>Auteur: APA News<br \/>\n<a href=\"https:\/\/www.journalducameroun.com\/guinee-les-corps-des-deux-occupants-de-lhelicoptere-abime-retrouves\/\">Cliquez ici pour lire l&rsquo;article depuis sa source.<\/a><\/p>\n","protected":false},"excerpt":{"rendered":"<p>Publi\u00e9 le 09.08.2019 \u00e0 18h18 par APA News Le minist\u00e8re guin\u00e9en de la D\u00e9fense nationale, dans un communiqu\u00e9 parvenu vendredi \u00e0 APA, annonce que le corps du second membre d\u2019\u00e9quipage de l\u2019h\u00e9licopt\u00e8re de l\u2019arm\u00e9e guin\u00e9enne ab\u00eem\u00e9 mardi dernier aux larges de Conakry, a \u00e9t\u00e9 retrouv\u00e9 ce vendredi, apr\u00e8s que le premier ait \u00e9t\u00e9 retrouv\u00e9 hier.Les [&hellip;]<\/p>\n","protected":false},"author":1965,"featured_media":0,"comment_status":"closed","ping_status":"closed","sticky":false,"template":"","format":"standard","meta":{"fifu_image_url":"","fifu_image_alt":"","footnotes":""},"categories":[73,82],"tags":[],"class_list":["post-51107","post","type-post","status-publish","format-standard","hentry","category-actualite","category-cameroun"],"_links":{"self":[{"href":"https:\/\/linitiative.ca\/International\/wp-json\/wp\/v2\/posts\/51107","targetHints":{"allow":["GET"]}}],"collection":[{"href":"https:\/\/linitiative.ca\/International\/wp-json\/wp\/v2\/posts"}],"about":[{"href":"https:\/\/linitiative.ca\/International\/wp-json\/wp\/v2\/types\/post"}],"author":[{"embeddable":true,"href":"https:\/\/linitiative.ca\/International\/wp-json\/wp\/v2\/users\/1965"}],"replies":[{"embeddable":true,"href":"https:\/\/linitiative.ca\/International\/wp-json\/wp\/v2\/comments?post=51107"}],"version-history":[{"count":0,"href":"https:\/\/linitiative.ca\/International\/wp-json\/wp\/v2\/posts\/51107\/revisions"}],"wp:attachment":[{"href":"https:\/\/linitiative.ca\/International\/wp-json\/wp\/v2\/media?parent=51107"}],"wp:term":[{"taxonomy":"category","embeddable":true,"href":"https:\/\/linitiative.ca\/International\/wp-json\/wp\/v2\/categories?post=51107"},{"taxonomy":"post_tag","embeddable":true,"href":"https:\/\/linitiative.ca\/International\/wp-json\/wp\/v2\/tags?post=51107"}],"curies":[{"name":"wp","href":"https:\/\/api.w.org\/{rel}","templated":true}]}}