{"id":51112,"date":"2019-08-09T15:18:03","date_gmt":"2019-08-09T19:18:03","guid":{"rendered":"https:\/\/linitiative.ca\/International\/la-fesci-exige-la-justification-de-chaque-cas-des-milliers-de-fraudes-au-bac-2019\/"},"modified":"2019-08-09T15:18:03","modified_gmt":"2019-08-09T19:18:03","slug":"la-fesci-exige-la-justification-de-chaque-cas-des-milliers-de-fraudes-au-bac-2019","status":"publish","type":"post","link":"https:\/\/linitiative.ca\/International\/la-fesci-exige-la-justification-de-chaque-cas-des-milliers-de-fraudes-au-bac-2019\/","title":{"rendered":"La FESCI exige la justification de chaque cas des milliers de fraudes au BAC 2019"},"content":{"rendered":"<div readability=\"32\">\n<p>Publi\u00e9 le 09.08.2019 \u00e0 20h18 par APA News<\/p>\n<\/div>\n<div readability=\"112\">\n<p>Le nouveau secr\u00e9taire g\u00e9n\u00e9ral de la F\u00e9d\u00e9ration estudiantine et scolaire de C\u00f4te d\u2019Ivoire (FESCI), Saint Clair Allah, a appel\u00e9 vendredi le minist\u00e8re de l\u2019\u00c9ducation nationale, de l\u2019enseignement technique et de la formation professionnelle \u00e0 donner les motifs de chaque cas des milliers de fraudes au BAC 2019, mentionn\u00e9es sur les relev\u00e9s de notes, face \u00e0 des parents d\u2019\u00e9l\u00e8ves.\u00ab Nous allons soutenir tous ces milliers d\u2019\u00e9l\u00e8ves (\u2026) pour cette \u00a0fois, la Fesci ne va pas accepter que des milliers d\u2019\u00e9l\u00e8ves aient leur \u00a0avenir bafou\u00e9 pour une mauvaise organisation de tous ces techniciens qui \u00a0sont en charge de l\u2019organisation des examens \u00bb, a d\u00e9clar\u00e9 M. Saint \u00a0Clair Allah.<\/p>\n<p>Le nouveau chef de la Fesci, le \u00a0principal syndicat estudiantin en C\u00f4te d\u2019Ivoire, a tenu \u00e0 pr\u00e9ciser que \u00a0la fa\u00eeti\u00e8re ne veut pas \u00ab encourager les \u00e9l\u00e8ves qui ont \u00e9t\u00e9 pris en \u00a0flagrant d\u00e9lit de fraude, mais ceux qui n\u2019ont pas \u00e9t\u00e9 pris \u00bb et \u00e0 qui \u00a0ils ont d\u00e9cern\u00e9 la mention \u00ab fraude \u00bb sur le relev\u00e9 de notes. \u00a0<\/p>\n<p>\u00ab \u00a0Nous allons demander \u00e0 un juriste de sortir les copies de tous ces \u00a0\u00e9l\u00e8ves afin qu\u2019un comit\u00e9 soit mis en place pour qu\u2019 ensemble nous disons \u00a0qu\u2019effectivement tel est fautif de fraude ou pour tel, \u00e7a \u00e9t\u00e9 une \u00a0erreur \u00bb, a -t-il avanc\u00e9. \u00a0\u00a0<\/p>\n<p>Il a fait savoir \u00a0que l\u2019organisation syndicale va adresser, mardi prochain, un courrier au \u00a0minist\u00e8re de l\u2019\u00c9ducation nationale, de l\u2019enseignement technique et de \u00a0la formation professionnelle, \u00e0 cet effet, \u00a0souhaitant que dans un \u00ab \u00a0d\u00e9lai de 72h \u00bb un retour soit fait vu l\u2019urgence de la situation. \u00a0<\/p>\n<p>Mme \u00a0Dossou Coulibaly, porte-parole du collectif des parents d\u2019\u00e9l\u00e8ves ayant \u00a0saisi la Fesci, a dit que leur souhait est qu\u2019\u00abon enl\u00e8ve la mention \u00a0fraude sur le relev\u00e9 de notes\u00bb de leurs enfants, dont certains \u00e9taient \u00e0 \u00a0leurs c\u00f4t\u00e9s ce vendredi, sur le campus de l\u2019Universit\u00e9 F\u00e9lix \u00a0Houphou\u00ebt-Boigny. \u00a0<\/p>\n<p>Sur des relev\u00e9s de notes \u00a0brandis par des \u00e9l\u00e8ves et des parents, l\u2019on pouvait lire la mention \u00ab \u00a0fraude \u00bb. Certains, d\u00e9clar\u00e9s admis, ont \u00e9t\u00e9 recal\u00e9s en raison de la \u00a0mention fraude sur leur collante. Les parents craignent que pendant des \u00a0ann\u00e9es leurs prog\u00e9nitures ne prennent pas part \u00e0 un concours. \u00a0<\/p>\n<p>Le \u00a0collectif des parents d\u2019\u00e9l\u00e8ves d\u00e9nonce en outre \u00ab des bulletins ne \u00a0comportant que deux notes au maximum et des candidats n\u2019ayant pas re\u00e7u \u00a0de bulletin de notes \u00bb et estime que devant ces \u00ab anomalies \u00bb il devrait \u00a0\u00eatre apport\u00e9 une r\u00e9ponse idoine. \u00a0\u00a0<\/p>\n<p>Les cas de fraudes au \u00a0baccalaur\u00e9at sont pass\u00e9s de l\u2019ann\u00e9e pr\u00e9c\u00e9dente \u00e0 cette ann\u00e9e \u00ab de 1 000 \u00e0 \u00a06 000 cas \u00bb, a indiqu\u00e9 Mme Dossou Coulibaly, citant l\u2019inspecteur \u00a0g\u00e9n\u00e9ral du minist\u00e8re de l\u2019\u00c9ducation nationale, de l\u2019enseignement \u00a0technique et de la formation professionnelle. \u00a0<\/p>\n<p>La \u00a0session 2019 du baccalaur\u00e9at en C\u00f4te d\u2019Ivoire a enregistr\u00e9 un taux \u00a0national de r\u00e9ussite de 41,23% contre 46,09% en 2018, soit une baisse de \u00a04,86 points, selon les r\u00e9sultats officiels annonc\u00e9s par la Direction \u00a0des examens et concours (Deco). \u00a0<\/p>\n<p>La session \u00a02019 du BAC a vu se pr\u00e9senter dans les 442 centres de composition du \u00a0territoire national, 261 707 candidats dont 115 458 filles et 146 249 \u00a0gar\u00e7ons. Sur cet effectif de candidats pr\u00e9sents, 49 221 filles et 58 076 \u00a0gar\u00e7ons ont \u00e9t\u00e9 d\u00e9clar\u00e9s admis, soit un total de 107 897 candidats. \u00a0\u00a0<\/p>\n<\/div>\n<p>Auteur: APA News<br \/>\n<a href=\"https:\/\/www.journalducameroun.com\/la-fesci-exige-la-justification-de-chaque-cas-des-milliers-de-fraudes-au-bac-2019\/\">Cliquez ici pour lire l&rsquo;article depuis sa source.<\/a><\/p>\n","protected":false},"excerpt":{"rendered":"<p>Publi\u00e9 le 09.08.2019 \u00e0 20h18 par APA News Le nouveau secr\u00e9taire g\u00e9n\u00e9ral de la F\u00e9d\u00e9ration estudiantine et scolaire de C\u00f4te d\u2019Ivoire (FESCI), Saint Clair Allah, a appel\u00e9 vendredi le minist\u00e8re de l\u2019\u00c9ducation nationale, de l\u2019enseignement technique et de la formation professionnelle \u00e0 donner les motifs de chaque cas des milliers de fraudes au BAC 2019, [&hellip;]<\/p>\n","protected":false},"author":1965,"featured_media":0,"comment_status":"closed","ping_status":"closed","sticky":false,"template":"","format":"standard","meta":{"fifu_image_url":"","fifu_image_alt":"","footnotes":""},"categories":[73,82],"tags":[],"class_list":["post-51112","post","type-post","status-publish","format-standard","hentry","category-actualite","category-cameroun"],"_links":{"self":[{"href":"https:\/\/linitiative.ca\/International\/wp-json\/wp\/v2\/posts\/51112","targetHints":{"allow":["GET"]}}],"collection":[{"href":"https:\/\/linitiative.ca\/International\/wp-json\/wp\/v2\/posts"}],"about":[{"href":"https:\/\/linitiative.ca\/International\/wp-json\/wp\/v2\/types\/post"}],"author":[{"embeddable":true,"href":"https:\/\/linitiative.ca\/International\/wp-json\/wp\/v2\/users\/1965"}],"replies":[{"embeddable":true,"href":"https:\/\/linitiative.ca\/International\/wp-json\/wp\/v2\/comments?post=51112"}],"version-history":[{"count":0,"href":"https:\/\/linitiative.ca\/International\/wp-json\/wp\/v2\/posts\/51112\/revisions"}],"wp:attachment":[{"href":"https:\/\/linitiative.ca\/International\/wp-json\/wp\/v2\/media?parent=51112"}],"wp:term":[{"taxonomy":"category","embeddable":true,"href":"https:\/\/linitiative.ca\/International\/wp-json\/wp\/v2\/categories?post=51112"},{"taxonomy":"post_tag","embeddable":true,"href":"https:\/\/linitiative.ca\/International\/wp-json\/wp\/v2\/tags?post=51112"}],"curies":[{"name":"wp","href":"https:\/\/api.w.org\/{rel}","templated":true}]}}