{"id":51126,"date":"2019-08-10T11:45:27","date_gmt":"2019-08-10T15:45:27","guid":{"rendered":"https:\/\/linitiative.ca\/International\/le-pps-celebre-la-journee-nationale-de-limmigre\/"},"modified":"2019-08-10T11:45:27","modified_gmt":"2019-08-10T15:45:27","slug":"le-pps-celebre-la-journee-nationale-de-limmigre","status":"publish","type":"post","link":"https:\/\/linitiative.ca\/International\/le-pps-celebre-la-journee-nationale-de-limmigre\/","title":{"rendered":"Le PPS c\u00e9l\u00e8bre la \u00abJourn\u00e9e nationale de l\u2019immigr\u00e9\u00bb"},"content":{"rendered":"<p class=\"c3\"><strong><span class=\"c2\">Pr\u00e9server l\u2019identit\u00e9 marocaine des g\u00e9n\u00e9rations montantes<\/span><\/strong><\/p>\n<p class=\"c5\"><strong><span class=\"c4\"><span class=\"c2\">L<\/span>a F\u00e9d\u00e9ration des Marocains du Monde (FMM), relevant du Parti du progr\u00e8s et du socialisme a c\u00e9l\u00e9br\u00e9, mercredi au si\u00e8ge national du Parti \u00e0 Rabat, la journ\u00e9e nationale de l\u2019immigr\u00e9 (10 ao\u00fbt).<\/span><\/strong><\/p>\n<p class=\"c5\">Des militantes et militants de la FMM sont venus de plusieurs pays europ\u00e9ens et des Etats Unis d\u2019Am\u00e9rique. La rencontre a connu la pr\u00e9sence de Moulay Isma\u00efl Alaoui, du Conseil de la pr\u00e9sidence du Parti, de Touria Skalli, d\u00e9put\u00e9e et membre du Bureau politique charg\u00e9e des Marocains du monde, et de Hamid Bichri, coordonnateur de la f\u00e9d\u00e9ration d\u2019Europe des Marocains du monde du parti. Aux c\u00f4t\u00e9s de membres du Bureau politique et du Comit\u00e9 central du PPS.<\/p>\n<p class=\"c5\">Cette rencontre a connu l\u2019intervention de plusieurs repr\u00e9sentants des Marocains du monde venus de diff\u00e9rents pays d\u2019Europe (Italie, France, Belgique Allemagne, Pays Bas etc.) et des Etats Unis. Ils ont expos\u00e9, sans d\u00e9tour et loin de toute langue de bois, leurs probl\u00e8mes et formul\u00e9 leurs propositions afin de jouir de leur pleine citoyennet\u00e9 et identit\u00e9 nationale. Ils entendent ainsi d\u00e9fendre les int\u00e9r\u00eats des g\u00e9n\u00e9rations montantes en tant que jeunes marocains issus de la diaspora.<\/p>\n<p class=\"c3\"><span class=\"c2\"><strong>Exercer les droits politiques<\/strong><\/span><\/p>\n<p class=\"c5\">Unanimes, les intervenants ont tenu \u00e0 souligner l\u2019importance pour eux de jouir de leurs droits politiques, \u00e9conomiques, sociaux et cultuels. Ce qui leur \u00a0permettra d\u2019exercer leurs droits politiques, tels que pr\u00e9vus dans la Constitution marocaine et de participer \u00e0 la vie publique dans leur pays d\u2019origine.<\/p>\n<p class=\"c5\">Ils se sont \u00e9galement prononc\u00e9s pour un plus grand engagement de l\u2019Etat pour aider \u00e0 la pr\u00e9servation de l\u2019identit\u00e9 marocaine des g\u00e9n\u00e9rations montantes \u00e0 travers l\u2019apprentissage des langues nationales et de la culture marocaine ainsi que l\u2019enseignement du rite mal\u00e9kite pour les prot\u00e9ger de tous les courants d\u00e9viationnistes fanatiques.<\/p>\n<p class=\"c5\">Pour ce faire, nombreux d\u2019entre eux ont propos\u00e9 la cr\u00e9ation de centres culturels marocains dans les pays d\u2019accueil (Allemagne, Pays Bas, Italie, etc.) et d\u2019espaces d\u2019accueil des jeunes et des enfants de la communaut\u00e9 marocaine \u00e0 l\u2019\u00e9tranger.<\/p>\n<p class=\"c3\"><span class=\"c2\"><strong>Prot\u00e9ger les Marocains du monde<\/strong><\/span><\/p>\n<p class=\"c5\">Ils ont \u00e9galement estim\u00e9 n\u00e9cessaire de multiplier les \u00e9changes de visites des jeunes et d\u2019intervenir pour simplifier les proc\u00e9dures administratives et prot\u00e9ger les Marocains du monde contre certaines pratiques n\u00e9fastes de l\u2019administration marocaine.<\/p>\n<p class=\"c5\">Les d\u00e9bats ont \u00e9galement port\u00e9 sur les moyens d\u2019attirer vers le Maroc les nombreuses potentialit\u00e9s marocaines qui ont brill\u00e9 dans leur domaine d\u2019activit\u00e9 \u00e0 l\u2019\u00e9tranger.<\/p>\n<p class=\"c5\">Au niveau politique, ils ont appel\u00e9 le Parti \u00e0 accorder davantage de possibilit\u00e9s aux Marocains du monde pour acc\u00e9der aux postes de responsabilit\u00e9s au sein du Parti ainsi que dans les instances de gouvernance du pays pour leur permettre de mieux d\u00e9fendre leurs int\u00e9r\u00eats.<\/p>\n<p class=\"c3\"><span class=\"c2\"><strong>Touria Skalli: \u00abCr\u00e9er d\u2019autres sections de la FMM\u00bb<\/strong><\/span><\/p>\n<p class=\"c5\"><img loading=\"lazy\" decoding=\"async\" class=\"size-medium wp-image-80563 alignleft\" src=\"http:\/\/albayane.press.ma\/wp-content\/uploads\/Touria-Skalli-1-230x130.jpg\" alt=\"\" width=\"230\" height=\"130\"\/>A l\u2019ouverture de cette rencontre, Touria Skalli, charg\u00e9e des Marocains du monde, a indiqu\u00e9 l\u2019importance de ce d\u00e9bat que le Parti tient \u00e0 perp\u00e9tuer et \u00e0 en faire une tradition pour \u00eatre constamment \u00e0 l\u2019\u00e9coute de la communaut\u00e9 marocaine \u00e0 l\u2019\u00e9tranger.<\/p>\n<p class=\"c5\">Elle a fait savoir que les nouvelles g\u00e9n\u00e9rations ont besoin plus que jamais de renforcer leurs liens avec leurs origines, ajoutant que les Marocains du monde doivent jouir pour ce faire de tous leurs droits politiques, culturels et sociaux, missions dont le PPS est parfaitement conscient, a-t-elle soulign\u00e9.<\/p>\n<p class=\"c5\">Tout en f\u00e9licitant la F\u00e9d\u00e9ration des Marocains du Monde pour la dynamique qu\u2019elle conna\u00eet, la d\u00e9put\u00e9e du PPS a rappel\u00e9 l\u2019historique des efforts entrepris par le Parti pour encadrer la Communaut\u00e9 marocaine \u00e0 l\u2019\u00e9tranger. Elle a \u00e9galement appel\u00e9 \u00e0 renforcer la pr\u00e9sence du Parti au sein de la diaspora, en cr\u00e9ant d\u2019autres sections de la F\u00e9d\u00e9ration, notamment en Espagne, Suisse et dans les pays scandinaves.<\/p>\n<p class=\"c3\"><span class=\"c2\"><strong>Isma\u00efl Alaoui: \u00abla fuite des cerveaux, une grosse perte pour le Maroc\u00bb<\/strong><\/span><\/p>\n<p class=\"c5\"><img loading=\"lazy\" decoding=\"async\" class=\" wp-image-80562 alignright\" src=\"http:\/\/albayane.press.ma\/wp-content\/uploads\/Alaoui-3-230x130.jpg\" alt=\"\" width=\"226\" height=\"128\"\/>Pour sa part, le pr\u00e9sident du conseil de la pr\u00e9sidence du PPS Moulay Ismail Alaoui a indiqu\u00e9 que la c\u00e9l\u00e9bration cette ann\u00e9e de la journ\u00e9e nationale de l\u2019immigr\u00e9 rev\u00eat une importance particuli\u00e8re, \u00e9tant donn\u00e9 que les Marocains du monde sont d\u00e9j\u00e0 \u00e0 leur quatri\u00e8me g\u00e9n\u00e9ration.<\/p>\n<p class=\"c5\">Ils ne sont plus que des travailleurs manuels. On y compte d\u00e9sormais des ing\u00e9nieurs, des m\u00e9decins, des sp\u00e9cialistes, des chercheurs de haut niveau et bien d\u2019autres. Nombreux aussi sont ceux qui ont acc\u00e9d\u00e9 \u00e0 des hauts niveaux de la connaissance et du savoir ou \u00e0 des postes de responsabilit\u00e9 politique dans les pays d\u2019accueil (France, Italie, Pays Bas, Belgique) et qui aspirent toujours \u00e0 jouir de leurs pleins droits politiques dans leur pays d\u2019origine, a-t-il dit. Ils aspirent \u00e0 vivre cette situation dans la symbiose et l\u2019harmonie, loin de tout comportement schizophr\u00e8ne pour servir les deux pays.<\/p>\n<p class=\"c5\">C\u2019est ainsi que l\u2019on peut parler pour le moment d\u2019une diversification de la communaut\u00e9 marocaine \u00e0 l\u2019\u00e9tranger, a-t-il dit, rappelant que la situation internationale est marqu\u00e9e plus que jamais par la mont\u00e9e du populisme et des courants nationalistes qui se sont fix\u00e9s pour objectif de stopper les mouvements migratoires et de fermer les fronti\u00e8res de leurs pays respectifs devant les \u00e9migr\u00e9s, \u00e0 l\u2019exception toutefois des hauts dipl\u00f4m\u00e9s et des chercheurs, qui sont d\u2019ailleurs activement recherch\u00e9s par \u00ables chasseurs de t\u00eates\u00bb.<\/p>\n<p class=\"c5\">Rien qu\u2019en France, l\u2019on recense quelque 8000 m\u00e9decins marocains, chiffre qui correspond au d\u00e9ficit qu\u2019accuse le secteur de la sant\u00e9 dans le pays en personnel, a-t-il not\u00e9. Quelque 600 ing\u00e9nieurs marocains quittent annuellement leur pays, \u00e0 qui ils ont cout\u00e9 des sommes colossales, a-t-il ajout\u00e9.<\/p>\n<p class=\"c5\">Il a insist\u00e9 aussi sur le r\u00f4le de premier plan que jouent les Marocains du monde \u00e0 travers leurs importants transferts en devises, pr\u00e9cisant que nombreux sont les membres de la communaut\u00e9 marocaine qui tombent dans leur pays d\u2019origine dans les filets des escrocs, des malfaiteurs, des corrompus et de pratiques malsaines.<\/p>\n<p class=\"c5\">C\u2019est pourquoi, le PPS ne cesse de militer depuis une longue date pour une v\u00e9ritable reconnaissance envers les Marocains du monde en leur accordant notamment la possibilit\u00e9 de jouir de leurs droits politiques et sociaux et de participer \u00e0 la vie publique de leur pays, a-t-il rappel\u00e9, ajoutant que les MRE se doivent aussi de jouer un r\u00f4le d\u2019\u00eatre de bons ambassadeurs de leur pays aupr\u00e8s de leur pays d\u2019accueil et de d\u00e9fendre correctement les int\u00e9r\u00eats de leur pays d\u2019origine dont en premier lieu la cause nationale du Sahara marocain.<\/p>\n<p class=\"c3\"><span class=\"c2\"><strong>Hamid Bichri: \u00abn\u00e9cessit\u00e9 d\u2019appuyer les m\u00e9canismes d\u2019encadrement\u00bb<\/strong><\/span><\/p>\n<p class=\"c5\"><img loading=\"lazy\" decoding=\"async\" class=\" wp-image-80561 alignleft\" src=\"http:\/\/albayane.press.ma\/wp-content\/uploads\/Hamid-Bichri-230x130.jpg\" alt=\"\" width=\"207\" height=\"117\"\/>Pour sa part, le coordonnateur de la f\u00e9d\u00e9ration d\u2019Europe du PPS, Hamid Bichri a rendu hommage aux efforts des membres du Bureau politique et du Comit\u00e9 central du PPS visant \u00e0 renforcer l\u2019organisation des Marocains du monde.<\/p>\n<p class=\"c5\">Il a aussi appel\u00e9 \u00e0 la n\u00e9cessit\u00e9 d\u2019appuyer les m\u00e9canismes d\u2019encadrement de la communaut\u00e9 marocaine \u00e0 l\u2019\u00e9tranger par les partis politiques afin qu\u2019elle adh\u00e8re avec enthousiasme \u00e0 la dynamique que conna\u00eet le pays.<\/p>\n<p class=\"c5\">Il a en outre fait savoir que la situation est difficile \u00e9tant donn\u00e9 la mont\u00e9e du populisme qui s\u2019alimente des actes et des attentats terroristes dans lesquels des musulmans sont impliqu\u00e9s.<\/p>\n<p class=\"c5\">Selon lui, la f\u00e9d\u00e9ration, cr\u00e9\u00e9e par le PPS, est en mesure de jouer un r\u00f4le de premier plan dans l\u2019organisation des Marocains du monde pour leur permettre de rechercher des solutions \u00e0 leurs probl\u00e8mes, faisant savoir que les gouvernements pr\u00e9sid\u00e9s par le PJD n\u2019ont pas respect\u00e9 leurs engagements envers les Marocains du monde. Leurs promesses sont rest\u00e9es lettres mortes.<\/p>\n<p class=\"c5\">Apr\u00e8s une s\u00e9rie d\u2019interventions des Marocains du monde venus d\u2019Europe et des Etats unis, des membres du BP et du Comit\u00e9 central du Parti ont enrichi le d\u00e9bat par des expos\u00e9s sur la situation des Marocains du monde \u00e0 l\u2019heure de la mondialisation et de la crise politique de la gauche \u00e0 l\u2019\u00e9chelle plan\u00e9taire qui se poursuit et des transformations structurelles de cette communaut\u00e9 sous l\u2019effet du d\u00e9veloppement des nouvelles technologies de l\u2019information et des r\u00e9seaux sociaux.<\/p>\n<p class=\"c5\">Par la suite, les participants ont \u00e9t\u00e9 convi\u00e9s \u00e0 l\u2019occasion de la journ\u00e9e nationale de l\u2019immigr\u00e9 \u00e0 un d\u00e9jeuner offert en leur honneur.<\/p>\n<p class=\"c6\"><strong>M\u2019Barek Tafsi<\/strong><\/p>\n<p class=\"c3\"><span class=\"c2\"><strong>Les recommandations<\/strong><\/span><\/p>\n<h5 class=\"c8\"><span class=\"c7\"><span class=\"c2\">L<\/span>a F\u00e9d\u00e9ration des Marocains du Monde (FMM) relevant du Parti du progr\u00e8s et du socialisme, a adopt\u00e9, \u00e0 la fin de ses travaux tenus \u00e0 l\u2019occasion de la journ\u00e9e nationale de l\u2019immigr\u00e9, les recommandations suivantes :<\/span><\/h5>\n<h5 class=\"c8\"><span class=\"c7\">1) La FMM rappelle le fait que les Marocains du monde font partie int\u00e9grante du peuple marocain. Ce fait exige la d\u00e9fense constante de leurs droits et de leurs int\u00e9r\u00eats, ainsi que leur accompagnement dans la diaspora. Cela plus particuli\u00e8rement en ce qui concerne ceux qui vivent dans des situations difficiles. Il convient \u00e9galement d\u2019interagir s\u00e9rieusement avec leurs exigences administratives et sociales et leurs besoins culturels. Ce qui contribuera \u00e0 renforcer leurs liens d\u2019appartenance au Royaume du Maroc;<\/span><\/h5>\n<h5 class=\"c8\"><span class=\"c7\">2) Elle soutient les m\u00e9canismes d\u2019encadrement de la communaut\u00e9 marocaine \u00e0 l\u2019\u00e9tranger\u00a0 par les partis politiques, de sorte \u00e0 l\u2019impliquer avec enthousiasme dans la dynamique que conna\u00eet le Royaume. Il convient \u00e9galement d\u2019adopter des mesures incitatives qualitatives visant \u00e0 contribuer \u00e0 l\u2019essor \u00e9conomique du pays, par le biais\u00a0 de la r\u00e9forme fiscale et du cadre de promotion de l\u2019investissement afin de tirer profit des comp\u00e9tences de la CME.<\/span><\/h5>\n<h5 class=\"c8\"><span class=\"c7\">3) Elle appelle \u00e0 adopter les r\u00e8gles de participation \u00e0 la vie politique marocaine, par le vote et la candidature, en activant l\u2019article 17 de la Constitution du Royaume et la r\u00e9forme des lois \u00e9lectorales nationales afin de parvenir \u00e0 la repr\u00e9sentation de notre communaut\u00e9 dans les institutions nationales \u00e9lues, notamment au Parlement;<\/span><\/h5>\n<h5 class=\"c8\"><span class=\"c7\">4) La FMM appelle \u00e0 ouvrir\u00a0 la voie \u00e0 la communaut\u00e9 marocaine \u00e0 l\u2019\u00e9tranger pour apporter son expertise, ses id\u00e9es, ses exp\u00e9riences et ses connaissances et savoir afin d\u2019enrichir le d\u00e9bat national au sein des \u00ab institutions et organes pour la protection des droits et des libert\u00e9s, la bonne gouvernance, le d\u00e9veloppement humain durable et la d\u00e9mocratie participative\u00a0\u00bb consacr\u00e9s par la Constitution du Royaume;<\/span><\/h5>\n<h5 class=\"c8\"><span class=\"c7\">5) Elle revendique de r\u00e9activer et revitaliser le Conseil de la communaut\u00e9 marocaine \u00e0 l\u2019\u00e9tranger afin de remplir sa fonction constitutionnelle consistant \u00e0 assurer la pr\u00e9servation de l\u2019identit\u00e9 marocaine au sein de la communaut\u00e9. De sorte \u00e0 en faire un cadre pour l\u2019\u00e9change d\u2019id\u00e9es et d\u2019exp\u00e9riences et un porte- voix des Marocains du monde tant au pays qu\u2019aux autres institutions nationales.<\/span><\/h5>\n<h5 class=\"c8\"><span class=\"c7\">6) \u00a0La FMM insiste \u00e0 permettre \u00e0 la communaut\u00e9 marocaine \u00e0 l\u2019\u00e9tranger de disposer des outils n\u00e9cessaires pour contribuer au travail diplomatique du Royaume, de l\u2019associer dans le renforcement du rayonnement ext\u00e9rieur de notre pays et de d\u00e9fendre ses causes nationales et ses int\u00e9r\u00eats sup\u00e9rieurs.<\/span><\/h5>\n<p>Auteur: M&rsquo;hammed rahal<br \/>\n<a href=\"http:\/\/albayane.press.ma\/le-pps-celebre-la-journee-nationale-de-limmigre.html\">Cliquez ici pour lire l&rsquo;article depuis sa source.<\/a><\/p>\n","protected":false},"excerpt":{"rendered":"<p>Pr\u00e9server l\u2019identit\u00e9 marocaine des g\u00e9n\u00e9rations montantes La F\u00e9d\u00e9ration des Marocains du Monde (FMM), relevant du Parti du progr\u00e8s et du socialisme a c\u00e9l\u00e9br\u00e9, mercredi au si\u00e8ge national du Parti \u00e0 Rabat, la journ\u00e9e nationale de l\u2019immigr\u00e9 (10 ao\u00fbt). Des militantes et militants de la FMM sont venus de plusieurs pays europ\u00e9ens et des Etats Unis [&hellip;]<\/p>\n","protected":false},"author":1760,"featured_media":51127,"comment_status":"closed","ping_status":"closed","sticky":false,"template":"","format":"standard","meta":{"fifu_image_url":"","fifu_image_alt":"","footnotes":""},"categories":[73,54],"tags":[],"class_list":["post-51126","post","type-post","status-publish","format-standard","has-post-thumbnail","hentry","category-actualite","category-maroc"],"_links":{"self":[{"href":"https:\/\/linitiative.ca\/International\/wp-json\/wp\/v2\/posts\/51126","targetHints":{"allow":["GET"]}}],"collection":[{"href":"https:\/\/linitiative.ca\/International\/wp-json\/wp\/v2\/posts"}],"about":[{"href":"https:\/\/linitiative.ca\/International\/wp-json\/wp\/v2\/types\/post"}],"author":[{"embeddable":true,"href":"https:\/\/linitiative.ca\/International\/wp-json\/wp\/v2\/users\/1760"}],"replies":[{"embeddable":true,"href":"https:\/\/linitiative.ca\/International\/wp-json\/wp\/v2\/comments?post=51126"}],"version-history":[{"count":0,"href":"https:\/\/linitiative.ca\/International\/wp-json\/wp\/v2\/posts\/51126\/revisions"}],"wp:featuredmedia":[{"embeddable":true,"href":"https:\/\/linitiative.ca\/International\/wp-json\/"}],"wp:attachment":[{"href":"https:\/\/linitiative.ca\/International\/wp-json\/wp\/v2\/media?parent=51126"}],"wp:term":[{"taxonomy":"category","embeddable":true,"href":"https:\/\/linitiative.ca\/International\/wp-json\/wp\/v2\/categories?post=51126"},{"taxonomy":"post_tag","embeddable":true,"href":"https:\/\/linitiative.ca\/International\/wp-json\/wp\/v2\/tags?post=51126"}],"curies":[{"name":"wp","href":"https:\/\/api.w.org\/{rel}","templated":true}]}}