{"id":51128,"date":"2019-08-10T11:46:19","date_gmt":"2019-08-10T15:46:19","guid":{"rendered":"https:\/\/linitiative.ca\/International\/les-couleurs-de-lame-dabdellah-yacoubi\/"},"modified":"2019-08-10T11:46:19","modified_gmt":"2019-08-10T15:46:19","slug":"les-couleurs-de-lame-dabdellah-yacoubi","status":"publish","type":"post","link":"https:\/\/linitiative.ca\/International\/les-couleurs-de-lame-dabdellah-yacoubi\/","title":{"rendered":"\u00abLes Couleurs de l\u2019\u00e2me\u00bb d\u2019Abdellah Yacoubi"},"content":{"rendered":"<p class=\"c4\"><strong><span class=\"c2\">L\u2019<\/span><span class=\"c3\">exposition estivale intitul\u00e9e \u00abLes Couleurs de l\u2019\u00e2me\u00bb de l\u2019artiste-peintre Abdellah Yacoubi a sublim\u00e9 le public par son rayonnement artistique en ce d\u00e9but du mois d\u2019ao\u00fbt 2019 au Mazagan Beach &#038; Golf Ressorts \u00e0 El Jadida. Ainsi, les \u0153uvres de cet artiste au parcours unique en son genre sont repr\u00e9sent\u00e9es par une trentaine d\u2019\u0153uvres qui sont expos\u00e9es pour tout le bonheur du public, du 1<sup>er<\/sup> jusqu\u2019au 15 ao\u00fbt prochain.<\/span><\/strong><\/p>\n<p class=\"c4\">Sous le th\u00e8me \u00abLes Couleurs de l\u2019\u00e2me\u00bb, le vernissage de cette exposition a eu lieu au soir de ce premier ao\u00fbt, dans le cadre d\u2019une exposition estivale organis\u00e9e \u00e0 El Jadida, en pr\u00e9sence d\u2019un parterre distingu\u00e9 de personnalit\u00e9s de la culture, de l\u2019art et de la politique, ainsi que de repr\u00e9sentants des mass-m\u00e9dias. Les visiteurs du complexe touristique et le public amateur ont \u00e9t\u00e9 magnifi\u00e9e scrutant une trentaine de belles toiles. Tant\u00f4t monochromatiques, tant\u00f4t sublim\u00e9es\u00a0 par milles couleurs et de diff\u00e9rents formats, ces \u0153uvres d\u00e9peignent \u00e9motions, histoire et sentiments. Les toiles de l\u2019artiste Yacoubi traduisent le langage universel d\u00e9crit par ses \u0153uvres, qui a beaucoup s\u00e9duit les amateurs et f\u00e9rus au niveau international. Pour lui, c\u2019est le fruit d\u2019une profonde introspection\u00a0 mettant en exergue au grand public averti ses pens\u00e9es, sensations, impressions et r\u00eaves\u2026<\/p>\n<p class=\"c4\">En effet, le r\u00e9pertoire iconographique de Yacoubi s\u2019\u00e9largit aussi \u00e0 d\u2019autres \u00e9l\u00e9ments picturaux non moins connotatifs, tel que le parapluie, sorte de m\u00e9taphore g\u00e9om\u00e9trique venant renforcer l\u2019esth\u00e9tique galb\u00e9e des nus dans une discr\u00e8te incorporation amoureuse. Idem en ce qui concerne la notion de paysage (maritime et autres) avec sa part de rh\u00e9torique dans cet univers sentimental en demi-teintes, donnant \u00e0 la composition une forte impression de partition. Ma\u00eetre dans son domaine de pr\u00e9dilection, Abdellah Yacoubi donne aujourd\u2019hui \u00e0 son art la force et la tournure qui lui conviennent, selon un cachet qui lui est propre.<\/p>\n<p class=\"c4\">A l\u2019adresse des journalistes pr\u00e9sents, l\u2019artiste peintre plasticien a expliqu\u00e9 que \u00abLes Couleurs de l\u2019\u00e2me\u00bb, montrent cette \u00e9volution exponentielle qui va dans le sens d\u2019une nouvelle possibilit\u00e9 d\u2019expression, notamment et surtout dans les grands formats o\u00f9 le geste, plus ample, multipliant les \u00e9vasions vers l\u2019inconnu, mais aussi vers le d\u00e9sir d\u2019un espace toujours plus vaste. Et d\u2019ajouter qu\u2019il s\u2019agit d\u2019un syncr\u00e9tisme de l\u2019\u00e2me beaucoup plus que du regard, et d\u2019une lib\u00e9ration du poids quotidien de l\u2019existence par le truchement de l\u2019art qui est \u00e0 la fois \u00e9clatant et d\u00e9pouill\u00e9, exempt de mi\u00e8vrerie, aux tons \u00e9pur\u00e9s, et surtout mystique.<\/p>\n<p class=\"c4\">L\u2019exposition concerne en gros \u00a0les \u0153uvres r\u00e9centes de l\u2019artiste Abdellah Yacoubi et ce, \u00e0 travers les \u00e9l\u00e9ments de la nature (arbres, \u00e9tendues d\u2019eau, vues d\u00e9sertiques, les quatre saisons, la femme, les parapluies\u2026). Avec ces magnifiques paysages, le peintre incite l\u2019observateur \u00e0 se pencher r\u00e9ellement dans cette qu\u00eate all\u00e9goris\u00e9e que l\u2019on rel\u00e8ve \u00e0 travers les personnages qu\u2019il invite sur ses toiles, o\u00f9 il est question, selon l\u2019artiste, de la condition humaine et sociale de l\u2019homme moderne. Peintre prolifique depuis environ 20 ans, le langage universel de ses \u0153uvres traverse les fronti\u00e8res pour ravir les amateurs d\u2019art du monde entier.<\/p>\n<p class=\"c4\">Selon Khadija Idrisi, responsable du p\u00f4le communication \u00e0 Mazagan Beach &#038; Golf Ressorts\u00a0: \u00abPour l\u2019artiste Abdellah Yacoubi, l\u2019art est un esprit, une r\u00e9alit\u00e9, une mani\u00e8re d\u2019\u00eatre, un ensemble de valeurs et de comportements, c\u2019est une vision valorisante de l\u2019autre, un respect immuable de la vie sous tous ses aspects, une g\u00e9n\u00e9rosit\u00e9 sans faille, un don de soi \u00e0 cette belle cr\u00e9ature de Dieu qu\u2019est l\u2019\u00eatre humain dans toutes ses conditions\u00bb.<\/p>\n<p class=\"c4\">Parmi les \u00e9v\u00e9nements qui l\u2019ont tant marqu\u00e9 dans sa jeunesse, en l\u2019occurrence \u2018\u2019La Marche Verte\u2019\u2019, Abdelleah Yacoubi\u00a0 dit \u00e0 ce propos\u00a0: \u00abLa Marche Verte; Marche par la foi; Marche dans la joie; Envol\u00e9e des c\u0153urs; Symbiose d\u2019un peuple glorieux; Avec les hauteurs\u00a0; Avec\u00a0 les cieux; Nation chantant en ch\u0153ur; L\u2019hymne du pass\u00e9 prestigieux; L\u2019hymne du futur radieux\u00bb.<\/p>\n<p class=\"c4\">Cumulant un parcours politique, \u00e9conomique et social, o\u00f9 il a offici\u00e9 dans de grandes instances, l\u2019on cite \u00e0 juste titre que Abdellah Yacoubi a \u00e9t\u00e9 d\u00e9put\u00e9 au Parlement Marocain et pr\u00e9sident de la Chambre d\u2019Artisanat de la r\u00e9gion du Grand-Casablanca, en passant par de hautes fonctions dans le secteur artisanal, financier et de l\u2019export entre autres \u2026<\/p>\n<p class=\"c4\">Natif de F\u00e8s en 1950, Abdellah Yacoubi, est un artiste engag\u00e9 pour la cause nationale d\u00e8s son tr\u00e8s jeune \u00e2ge. Pendant quatre d\u00e9cennies, il a \u00e9t\u00e9 pionnier et leader dans la cr\u00e9ation dans le secteur de l\u2019artisanat. A l\u2019\u00e2ge de 15 ans, il a d\u00e9croch\u00e9 le troisi\u00e8me prix au Concours national de dessin organis\u00e9 par la F\u00e9d\u00e9ration des \u0153uvres la\u00efques (FOL) au Maroc. Et au d\u00e9but des ann\u00e9es 2000, il s\u2019est investi corps et \u00e2me dans la peinture et a commenc\u00e9 \u00e0 exposer un peu partout au Maroc comme \u00e0 l\u2019\u00e9tranger o\u00f9 ses \u0153uvres ont fait grande sensation aupr\u00e8s des grands observateurs et critiques artistiques du monde entier. Abdallah Yacoubi est \u00e9galement \u00abChevalier du Wissam du Tr\u00f4ne\u00bb.<\/p>\n<p class=\"c5\"><strong>Abdeslam Khatib<\/strong><\/p>\n<p>Auteur: M&rsquo;hammed rahal<br \/>\n<a href=\"http:\/\/albayane.press.ma\/les-couleurs-de-lame-dabdellah-yacoubi.html\">Cliquez ici pour lire l&rsquo;article depuis sa source.<\/a><\/p>\n","protected":false},"excerpt":{"rendered":"<p>L\u2019exposition estivale intitul\u00e9e \u00abLes Couleurs de l\u2019\u00e2me\u00bb de l\u2019artiste-peintre Abdellah Yacoubi a sublim\u00e9 le public par son rayonnement artistique en ce d\u00e9but du mois d\u2019ao\u00fbt 2019 au Mazagan Beach &#038; Golf Ressorts \u00e0 El Jadida. Ainsi, les \u0153uvres de cet artiste au parcours unique en son genre sont repr\u00e9sent\u00e9es par une trentaine d\u2019\u0153uvres qui sont [&hellip;]<\/p>\n","protected":false},"author":1760,"featured_media":0,"comment_status":"closed","ping_status":"closed","sticky":false,"template":"","format":"standard","meta":{"fifu_image_url":"","fifu_image_alt":"","footnotes":""},"categories":[73,54],"tags":[],"class_list":["post-51128","post","type-post","status-publish","format-standard","hentry","category-actualite","category-maroc"],"_links":{"self":[{"href":"https:\/\/linitiative.ca\/International\/wp-json\/wp\/v2\/posts\/51128","targetHints":{"allow":["GET"]}}],"collection":[{"href":"https:\/\/linitiative.ca\/International\/wp-json\/wp\/v2\/posts"}],"about":[{"href":"https:\/\/linitiative.ca\/International\/wp-json\/wp\/v2\/types\/post"}],"author":[{"embeddable":true,"href":"https:\/\/linitiative.ca\/International\/wp-json\/wp\/v2\/users\/1760"}],"replies":[{"embeddable":true,"href":"https:\/\/linitiative.ca\/International\/wp-json\/wp\/v2\/comments?post=51128"}],"version-history":[{"count":0,"href":"https:\/\/linitiative.ca\/International\/wp-json\/wp\/v2\/posts\/51128\/revisions"}],"wp:attachment":[{"href":"https:\/\/linitiative.ca\/International\/wp-json\/wp\/v2\/media?parent=51128"}],"wp:term":[{"taxonomy":"category","embeddable":true,"href":"https:\/\/linitiative.ca\/International\/wp-json\/wp\/v2\/categories?post=51128"},{"taxonomy":"post_tag","embeddable":true,"href":"https:\/\/linitiative.ca\/International\/wp-json\/wp\/v2\/tags?post=51128"}],"curies":[{"name":"wp","href":"https:\/\/api.w.org\/{rel}","templated":true}]}}