{"id":51129,"date":"2019-08-10T11:47:13","date_gmt":"2019-08-10T15:47:13","guid":{"rendered":"https:\/\/linitiative.ca\/International\/rabia-el-afdel-une-palette-vigoureuse\/"},"modified":"2019-08-10T11:47:13","modified_gmt":"2019-08-10T15:47:13","slug":"rabia-el-afdel-une-palette-vigoureuse","status":"publish","type":"post","link":"https:\/\/linitiative.ca\/International\/rabia-el-afdel-une-palette-vigoureuse\/","title":{"rendered":"Rabia El Afdel: Une palette vigoureuse"},"content":{"rendered":"<p class=\"c4\"><strong><span class=\"c3\"><em><span class=\"c2\">N<\/span>ative de Nador et vivant \u00e0 Casablanca, Rabia El Afdel a \u00e0 son actif un ensemble d\u2019expositions collectives et individuelles remarquable. Sa derni\u00e8re exposition s\u2019est tenue en avril 2018 \u00e0 Tours en France, galerie Lavoisier. Certaines de ses \u0153uvres ont connu d\u2019heureuses ench\u00e8res surtout \u00e0 l\u2019\u00e9tranger o\u00f9 elle est d\u00e9sormais cot\u00e9e. Pr\u00e9sente dans les plateformes en ligne comme Artprice, Arnet ou Artmajeur, Rabia El Afdel est actuellement l\u2019une des femmes peintres marocaines qui promettent beaucoup.<\/em><\/span><\/strong><\/p>\n<p class=\"c4\">Avec ses personnages silhouett\u00e9s, aux lignes courbes, ond\u00e9es, fluides aussi bien que fuyantes, dont l\u2019artiste se pla\u00eet \u00e0 sugg\u00e9rer les attitudes, \u00e0 signifier le mouvement lyrique; avec son utilisation hardie de la mati\u00e8re pour mieux travailler la surface et approfondir la texture; avec son recours au collage, aux tons chauds et \u00e0 la technique de la br\u00fblure (ou calcination) comme effet de lumi\u00e8re; avec des touches claires pour marquer les contrastes; enfin avec son choix \u00e9clectique d\u2019\u00e9l\u00e9ments du corps comme l\u2019\u0153il, la main, ou d\u2019objets usuels, Rabia El Afdel s\u2019est cr\u00e9\u00e9e un langage plastique d\u2019une vigueur notoire, d\u2019un symbolisme formel mettant en exergue la condition humaine vue sous le prisme du couple comme entit\u00e9 concentrant tous les rapports intimes et sociaux.<\/p>\n<p class=\"c4\">En fait, c\u2019est un langage \u00e0 plusieurs th\u00e9matiques, que l\u2019artiste condense sans coupure sur l\u2019espace de sa toile, harmonisant les formes, calibrant la lumi\u00e8re, creusant davantage dans les champs color\u00e9s\u2026<\/p>\n<p class=\"c4\">La notion de libert\u00e9 comme celle du temps qui passe (sugg\u00e9r\u00e9e par un sablier), l\u2019expression g\u00e9om\u00e9trique du mouvement (horizontalis\u00e9, en faisceaux, sinueux, verticalis\u00e9, stylis\u00e9), la pr\u00e9sence de signes graphiques, qui feraient de Rabia El Afdel une bonne peintre abstraite, ne manquent pas d\u2019\u00e9mouvoir et de rendre sensible cette palette d\u2019un caract\u00e8re singulier.<\/p>\n<p class=\"c4\">Le talent confirm\u00e9 de l\u2019artiste fait que son \u0153uvre, depuis son commencement fin des ann\u00e9es 1980, ne cesse d\u2019\u00e9voluer vers une plus grande performance, gr\u00e2ce \u00e0 des recherches men\u00e9es de fa\u00e7on r\u00e9guli\u00e8re et soutenue.<\/p>\n<p class=\"c5\"><strong>Abderrahman Benhamza<\/strong><\/p>\n<p class=\"c5\"><em>Critique d\u2019art<\/em><\/p>\n<p>Auteur: M&rsquo;hammed rahal<br \/>\n<a href=\"http:\/\/albayane.press.ma\/rabia-el-afdel-une-palette-vigoureuse.html\">Cliquez ici pour lire l&rsquo;article depuis sa source.<\/a><\/p>\n","protected":false},"excerpt":{"rendered":"<p>Native de Nador et vivant \u00e0 Casablanca, Rabia El Afdel a \u00e0 son actif un ensemble d\u2019expositions collectives et individuelles remarquable. Sa derni\u00e8re exposition s\u2019est tenue en avril 2018 \u00e0 Tours en France, galerie Lavoisier. Certaines de ses \u0153uvres ont connu d\u2019heureuses ench\u00e8res surtout \u00e0 l\u2019\u00e9tranger o\u00f9 elle est d\u00e9sormais cot\u00e9e. Pr\u00e9sente dans les plateformes [&hellip;]<\/p>\n","protected":false},"author":1760,"featured_media":0,"comment_status":"closed","ping_status":"closed","sticky":false,"template":"","format":"standard","meta":{"fifu_image_url":"","fifu_image_alt":"","footnotes":""},"categories":[73,54],"tags":[],"class_list":["post-51129","post","type-post","status-publish","format-standard","hentry","category-actualite","category-maroc"],"_links":{"self":[{"href":"https:\/\/linitiative.ca\/International\/wp-json\/wp\/v2\/posts\/51129","targetHints":{"allow":["GET"]}}],"collection":[{"href":"https:\/\/linitiative.ca\/International\/wp-json\/wp\/v2\/posts"}],"about":[{"href":"https:\/\/linitiative.ca\/International\/wp-json\/wp\/v2\/types\/post"}],"author":[{"embeddable":true,"href":"https:\/\/linitiative.ca\/International\/wp-json\/wp\/v2\/users\/1760"}],"replies":[{"embeddable":true,"href":"https:\/\/linitiative.ca\/International\/wp-json\/wp\/v2\/comments?post=51129"}],"version-history":[{"count":0,"href":"https:\/\/linitiative.ca\/International\/wp-json\/wp\/v2\/posts\/51129\/revisions"}],"wp:attachment":[{"href":"https:\/\/linitiative.ca\/International\/wp-json\/wp\/v2\/media?parent=51129"}],"wp:term":[{"taxonomy":"category","embeddable":true,"href":"https:\/\/linitiative.ca\/International\/wp-json\/wp\/v2\/categories?post=51129"},{"taxonomy":"post_tag","embeddable":true,"href":"https:\/\/linitiative.ca\/International\/wp-json\/wp\/v2\/tags?post=51129"}],"curies":[{"name":"wp","href":"https:\/\/api.w.org\/{rel}","templated":true}]}}