{"id":51175,"date":"2019-08-09T15:10:00","date_gmt":"2019-08-09T19:10:00","guid":{"rendered":"https:\/\/linitiative.ca\/International\/dialogue-national-les-enfants-des-chouhada-confirment-leur-participation\/"},"modified":"2019-08-09T15:10:00","modified_gmt":"2019-08-09T19:10:00","slug":"dialogue-national-les-enfants-des-chouhada-confirment-leur-participation","status":"publish","type":"post","link":"https:\/\/linitiative.ca\/International\/dialogue-national-les-enfants-des-chouhada-confirment-leur-participation\/","title":{"rendered":"DIALOGUE NATIONAL : \u2018\u2019Les enfants des chouhada\u2019\u2019 confirment leur participation"},"content":{"rendered":"<p><br id=\"sep_para_1\" class=\"sep_para access\"\/><\/p>\n<div id=\"para_1\" class=\"para_32499284 resize\">\n<div class=\"texte access firstletter\">L\u2019organisation nationale des enfants de chouhada a annonc\u00e9 sa participation au dialogue national consid\u00e9rant que c\u2019est le moyen\u00a0 \u00bb le plus civilis\u00e9 et le plus efficace de construire un futur qui honorera le message des martyrs \u00bb, a rapport\u00e9 le journal arabophone El-Khabar. L\u2019organisation a confirm\u00e9, \u00e0 travers un communiqu\u00e9, sa participation au dialogue national \u00ab sans exclusion ni marginalisation \u00bb, soulignant que le dialogue est le moyen civilis\u00e9 le plus efficace de construire un avenir brillant qui honorera le message des martyrs, des bons moudjahidines et de tous les fid\u00e8les patriotes.\u00a0\u00a0<\/div>\n<\/div>\n<p>Auteur: Nadine<br \/>\n<a href=\"https:\/\/www.reflexiondz.net\/DIALOGUE-NATIONAL-Les-enfants-des-chouhada-confirment-leur-participation_a57069.html\">Cliquez ici pour lire l&rsquo;article depuis sa source.<\/a><\/p>\n","protected":false},"excerpt":{"rendered":"<p>L\u2019organisation nationale des enfants de chouhada a annonc\u00e9 sa participation au dialogue national consid\u00e9rant que c\u2019est le moyen\u00a0 \u00bb le plus civilis\u00e9 et le plus efficace de construire un futur qui honorera le message des martyrs \u00bb, a rapport\u00e9 le journal arabophone El-Khabar. L\u2019organisation a confirm\u00e9, \u00e0 travers un communiqu\u00e9, sa participation au dialogue national [&hellip;]<\/p>\n","protected":false},"author":1740,"featured_media":0,"comment_status":"closed","ping_status":"closed","sticky":false,"template":"","format":"standard","meta":{"fifu_image_url":"","fifu_image_alt":"","footnotes":""},"categories":[53,76],"tags":[],"class_list":["post-51175","post","type-post","status-publish","format-standard","hentry","category-algerie","category-regions"],"_links":{"self":[{"href":"https:\/\/linitiative.ca\/International\/wp-json\/wp\/v2\/posts\/51175","targetHints":{"allow":["GET"]}}],"collection":[{"href":"https:\/\/linitiative.ca\/International\/wp-json\/wp\/v2\/posts"}],"about":[{"href":"https:\/\/linitiative.ca\/International\/wp-json\/wp\/v2\/types\/post"}],"author":[{"embeddable":true,"href":"https:\/\/linitiative.ca\/International\/wp-json\/wp\/v2\/users\/1740"}],"replies":[{"embeddable":true,"href":"https:\/\/linitiative.ca\/International\/wp-json\/wp\/v2\/comments?post=51175"}],"version-history":[{"count":0,"href":"https:\/\/linitiative.ca\/International\/wp-json\/wp\/v2\/posts\/51175\/revisions"}],"wp:attachment":[{"href":"https:\/\/linitiative.ca\/International\/wp-json\/wp\/v2\/media?parent=51175"}],"wp:term":[{"taxonomy":"category","embeddable":true,"href":"https:\/\/linitiative.ca\/International\/wp-json\/wp\/v2\/categories?post=51175"},{"taxonomy":"post_tag","embeddable":true,"href":"https:\/\/linitiative.ca\/International\/wp-json\/wp\/v2\/tags?post=51175"}],"curies":[{"name":"wp","href":"https:\/\/api.w.org\/{rel}","templated":true}]}}