{"id":51184,"date":"2019-08-09T14:39:00","date_gmt":"2019-08-09T18:39:00","guid":{"rendered":"https:\/\/linitiative.ca\/International\/magistrature-des-nominations-et-des-limogeages\/"},"modified":"2019-08-09T14:39:00","modified_gmt":"2019-08-09T18:39:00","slug":"magistrature-des-nominations-et-des-limogeages","status":"publish","type":"post","link":"https:\/\/linitiative.ca\/International\/magistrature-des-nominations-et-des-limogeages\/","title":{"rendered":"Magistrature : Des nominations et des limogeages"},"content":{"rendered":"<p>Le Conseil d\u2019Etat a une nouvelle pr\u00e9sidente en la personne de Farida Benyahia, a annonc\u00e9 jeudi un communiqu\u00e9 de la pr\u00e9sidence de la R\u00e9publique, qui a pr\u00e9cis\u00e9 que c\u2019est le chef de l\u2019Etat, Abdelkader Bensalah, qui a proc\u00e9d\u00e9 \u00e0 sa nomination. \u00ab\u00a0Conform\u00e9ment aux dispositions de l\u2019article 92 de la Constitution, le chef de l\u2019Etat a nomm\u00e9, en ce jour, Mme\u00a0Farida Benyahia, \u00e9pouse Bouaroudj, au poste de pr\u00e9sidente du Conseil d\u2019Etat\u00a0\u00bb, pr\u00e9cise le communiqu\u00e9.<\/p>\n<p>Par ailleurs, Abdelkader Bensalah a proc\u00e9d\u00e9 au renouvellement de 35 des 38 pr\u00e9sidents de cours de justice, soit le plus vaste mouvement dans le corps de la magistrature du pays depuis plusieurs ann\u00e9es.<\/p>\n<p>Conform\u00e9ment aux dispositions de l\u2019article 92 de la Constitution, le chef de l\u2019Etat a proc\u00e9d\u00e9, avant-hier, \u00e0 un vaste mouvement dans le corps des pr\u00e9sidents qui a touch\u00e9 35 cours de justice et 32 changements ayant touch\u00e9 le corps des procureurs g\u00e9n\u00e9raux.<\/p>\n<p>Apr\u00e8s consultation du ministre de la Justice et garde des Sceaux Belkacem Zeghmati, le chef de l\u2019Etat a mis fin aux fonctions de plusieurs procureurs g\u00e9n\u00e9raux \u00e0 l\u2019instar de Djamila Zigha, seule femme en Alg\u00e9rie nomm\u00e9e en octobre 2014 par l\u2019ex-pr\u00e9sident de la R\u00e9publique, Abdelaziz Bouteflika, en qualit\u00e9 de procureur g\u00e9n\u00e9ral pr\u00e8s la cour de Boumerd\u00e8s.<\/p>\n<p>Hocine Nacef et Djillali Bellala, respectivement procureur g\u00e9n\u00e9ral pr\u00e8s la cour de Tipasa et procureur g\u00e9n\u00e9ral pr\u00e8s la cour de S\u00e9tif ont \u00e9t\u00e9 relev\u00e9s de leur poste.<\/p>\n<p>Toujours sur proposition du premier responsable du secteur de la justice, le chef de l\u2019Etat a nomm\u00e9 Abdelhamid Belhadj et Ghazali Kamel, qui occupaient les postes de procureurs g\u00e9n\u00e9raux adjoints, respectivement pr\u00e8s les cours de Bouira et Blida, en qualit\u00e9 de procureurs g\u00e9n\u00e9raux \u00e0 Tiaret et Annaba. Les deux promus sont connus pour avoir d\u00e9livr\u00e9 des mandats d\u2019arr\u00eat internationaux contre Chakib Khalil et sa famille.<\/p>\n<p>A la cour d\u2019Alger et \u00e0 titre d\u2019exemple, trois procureurs ont \u00e9t\u00e9 promus en qualit\u00e9 de procureurs g\u00e9n\u00e9raux. Il s\u2019agit de Lenouar Ben M\u2019Hidi, nomm\u00e9 procureur g\u00e9n\u00e9ral pr\u00e8s la cour de Mostaganem. Il \u00e9tait charg\u00e9 du tribunal criminel d\u2019Alger de la premi\u00e8re instance de Dar El Beida.<\/p>\n<p>Ali Hadli, un autre procureur qui s\u2019occupait du tribunal criminel d\u2019Alger de la deuxi\u00e8me instance a \u00e9t\u00e9 nomm\u00e9 procureur g\u00e9n\u00e9ral pr\u00e8s la cour de Bordj Bou Arreridj.<\/p>\n<p>Hamid Tahir, qui repr\u00e9sentait le parquet au la 10e chambre p\u00e9nale de la cour d\u2019appel d\u2019Alger a \u00e9t\u00e9 d\u00e9sign\u00e9 procureur g\u00e9n\u00e9ral pr\u00e8s la cour de Laghouat.<\/p>\n<p>Le chef de l\u2019Etat a par ailleurs proc\u00e9d\u00e9 \u00e0 la nomination de quatre magistrats qui exer\u00e7aient sous l\u2019autorit\u00e9 de la cour d\u2019Alger en qualit\u00e9 de pr\u00e9sidents de Cours de juridiction.<\/p>\n<p>Il s\u2019agit de Mohamed Reggad, ex-pr\u00e9sident de la 7e puis la 3e chambre p\u00e9nale de la cour d\u2019Alger qui a \u00e9t\u00e9 promu pr\u00e9sident de la cour de Ouargla.<\/p>\n<p>Smail Kari, qui occupait le poste de pr\u00e9sident de la 11 puis de la 5e chambre p\u00e9nale pr\u00e8s la cour d\u2019Alger a \u00e9t\u00e9 nomm\u00e9 pr\u00e9sident de la cour de Tizi Ouzou.<\/p>\n<p>L\u2019ex- pr\u00e9sident du tribunal d\u2019El Harrach Mohamed Guerouabi a \u00e9t\u00e9 d\u00e9sign\u00e9 pr\u00e9sident de la cour de Setif.<\/p>\n<p>Le pr\u00e9sident du p\u00f4le judiciaire du tribunal de Sidi M\u2019Hamed, Abderzak Ben Salem, qui a statu\u00e9 dans plusieurs affaires li\u00e9es \u00e0 la malversation, notamment dans l\u2019affaire de Kamel Chikhi, a \u00e9t\u00e9 nomm\u00e9 pr\u00e9sident de la cour de Blida.<\/p>\n<p>Auteur: Boudjedri<br \/>\n<a href=\"http:\/\/www.jeune-independant.net\/Magistrature-Des-nominations-et.html\">Cliquez ici pour lire l&rsquo;article depuis sa source.<\/a><\/p>\n","protected":false},"excerpt":{"rendered":"<p>Le Conseil d\u2019Etat a une nouvelle pr\u00e9sidente en la personne de Farida Benyahia, a annonc\u00e9 jeudi un communiqu\u00e9 de la pr\u00e9sidence de la R\u00e9publique, qui a pr\u00e9cis\u00e9 que c\u2019est le chef de l\u2019Etat, Abdelkader Bensalah, qui a proc\u00e9d\u00e9 \u00e0 sa nomination. \u00ab\u00a0Conform\u00e9ment aux dispositions de l\u2019article 92 de la Constitution, le chef de l\u2019Etat a [&hellip;]<\/p>\n","protected":false},"author":1737,"featured_media":0,"comment_status":"closed","ping_status":"closed","sticky":false,"template":"","format":"standard","meta":{"fifu_image_url":"","fifu_image_alt":"","footnotes":""},"categories":[73,53],"tags":[],"class_list":["post-51184","post","type-post","status-publish","format-standard","hentry","category-actualite","category-algerie"],"_links":{"self":[{"href":"https:\/\/linitiative.ca\/International\/wp-json\/wp\/v2\/posts\/51184","targetHints":{"allow":["GET"]}}],"collection":[{"href":"https:\/\/linitiative.ca\/International\/wp-json\/wp\/v2\/posts"}],"about":[{"href":"https:\/\/linitiative.ca\/International\/wp-json\/wp\/v2\/types\/post"}],"author":[{"embeddable":true,"href":"https:\/\/linitiative.ca\/International\/wp-json\/wp\/v2\/users\/1737"}],"replies":[{"embeddable":true,"href":"https:\/\/linitiative.ca\/International\/wp-json\/wp\/v2\/comments?post=51184"}],"version-history":[{"count":0,"href":"https:\/\/linitiative.ca\/International\/wp-json\/wp\/v2\/posts\/51184\/revisions"}],"wp:attachment":[{"href":"https:\/\/linitiative.ca\/International\/wp-json\/wp\/v2\/media?parent=51184"}],"wp:term":[{"taxonomy":"category","embeddable":true,"href":"https:\/\/linitiative.ca\/International\/wp-json\/wp\/v2\/categories?post=51184"},{"taxonomy":"post_tag","embeddable":true,"href":"https:\/\/linitiative.ca\/International\/wp-json\/wp\/v2\/tags?post=51184"}],"curies":[{"name":"wp","href":"https:\/\/api.w.org\/{rel}","templated":true}]}}