{"id":51190,"date":"2019-08-10T05:32:47","date_gmt":"2019-08-10T09:32:47","guid":{"rendered":"https:\/\/linitiative.ca\/International\/bouira-les-manifestants-rejettent-le-dialogue-avec-el-issaba\/"},"modified":"2019-08-10T05:32:47","modified_gmt":"2019-08-10T09:32:47","slug":"bouira-les-manifestants-rejettent-le-dialogue-avec-el-issaba","status":"publish","type":"post","link":"https:\/\/linitiative.ca\/International\/bouira-les-manifestants-rejettent-le-dialogue-avec-el-issaba\/","title":{"rendered":"Bouira : les manifestants rejettent le dialogue avec el \u00eessaba"},"content":{"rendered":"<h4 class=\"title-14\"\/>\n<p>Malgr\u00e9 la chaleur suffocante, des centaines, voire des milliers de Bouiris ont manifest\u00e9 hier, pour le 25e\u00a0vendredi cons\u00e9cutif, afin de r\u00e9clamer un changement radical du syst\u00e8me.<\/p>\n<p>D\u00e8s 13h30, les premiers groupes de marcheurs arrivent sur la place des Martyrs, puis se dirigent vers les alentours du si\u00e8ge de la wilaya de Bouira. Le drapeau national et l\u2019embl\u00e8me amazigh flottent c\u00f4te \u00e0 c\u00f4te sous les regards de quelques policiers qui observent de loin la foule grandissante. \u00abMakanch hiwar m\u00e2a el \u00eessabate !\u00bb (Pas de dialogue avec les bandes) \u00a0; \u00abGa\u00efd Salah, Ben Salah, yetnahaw ga\u00e2 !\u00bb, scandent les premiers manifestants arriv\u00e9s sur les lieux.<\/p>\n<p>Quelques minutes plus tard, d\u2019autres carr\u00e9s de marcheurs arrivent au carrefour, pr\u00e8s du si\u00e8ge de la wilaya, point de d\u00e9part de la marche. Sous plus de 40\u00b0, hommes, femmes, vieux et jeunes sillonnent les grandes art\u00e8res de la ville de Bouira. Tout au long de la procession, les appels \u00e0 la lib\u00e9ration de tous les d\u00e9tenus d\u2019opinion sont r\u00e9it\u00e9r\u00e9s\u00a0: \u00abEttalgou wladna, yal haggarine !\u00bb<\/p>\n<p>\u00abCes jeunes d\u00e9tenus passeront l\u2019A\u00efd dans des cellules de prison alors qu\u2019ils n\u2019ont commis aucun crime. C\u2019est de l\u2019injustice ce qui se passe\u00bb, d\u00e9nonce sexag\u00e9naire.<br \/>Karim Youn\u00e8s, coordinateur du panel de dialogue, et Ga\u00efd Salah, chef d\u2019\u00e9tat-major de l\u2019ANP, sont pris pour cibles par les manifestants qui r\u00e9clament leur d\u00e9part et avec eux le chef de l\u2019Etat, Abdelkader Bensalah. Les quelques pancartes soulev\u00e9es lors de ce 25e\u00a0vendredi sont des r\u00e9ponses aux derni\u00e8res d\u00e9clarations du chef d\u2019\u00e9tat-major qui a insist\u00e9 sur la tenue de l\u2019\u00e9lection pr\u00e9sidentielle dans les plus brefs d\u00e9lais. \u00abLa pr\u00e9sidentielle mettra en place une potiche au service de ses ma\u00eetres.<\/p>\n<p>La transition permettra de b\u00e2tir un Etat civil, d\u00e9mocratique et stable. Panel d\u00e9gage !\u00bb\u00a0; \u00abC\u2019est aux Alg\u00e9riens et \u00e0 eux seuls qu\u2019il revient de d\u00e9cider\u00bb\u00a0; \u00abLa d\u00e9sob\u00e9issance civile arrive\u00bb, lit-on sur des pancartes.<\/p>\n<p>Les manifestants ont d\u00e9nonc\u00e9 l\u2019attitude de certains m\u00e9dias publics et priv\u00e9s qu\u2019ils ne veulent m\u00eame pas nommer, les accusant notamment d\u2019\u00ab\u00eatre \u00e0 la solde du plus fort\u00bb et de \u00abretournement de veste et de trahison du peuple dans sa r\u00e9volution\u00bb.<\/p>\n<p>Vers 16h, la foule amass\u00e9e au centre-ville commence \u00e0 se disperser dans le calme. Aucun incident n\u2019a \u00e9t\u00e9 enregistr\u00e9 en ce 25e vendredi du hirak \u00e0 Bouira.<\/p>\n<p><span class=\"post-views-label\">Post Views:<\/span> <span class=\"post-views-count\">67<\/span><\/p>\n<p><br class=\"c4\"\/><\/p>\n<p>Auteur: Hicham Chouadria<br \/>\n<a href=\"https:\/\/www.elwatan.com\/edition\/actualite\/bouira-les-manifestants-rejettent-le-dialogue-avec-el-issaba-10-08-2019\">Cliquez ici pour lire l&rsquo;article depuis sa source.<\/a><\/p>\n","protected":false},"excerpt":{"rendered":"<p>Malgr\u00e9 la chaleur suffocante, des centaines, voire des milliers de Bouiris ont manifest\u00e9 hier, pour le 25e\u00a0vendredi cons\u00e9cutif, afin de r\u00e9clamer un changement radical du syst\u00e8me. D\u00e8s 13h30, les premiers groupes de marcheurs arrivent sur la place des Martyrs, puis se dirigent vers les alentours du si\u00e8ge de la wilaya de Bouira. Le drapeau national [&hellip;]<\/p>\n","protected":false},"author":1743,"featured_media":0,"comment_status":"closed","ping_status":"closed","sticky":false,"template":"","format":"standard","meta":{"fifu_image_url":"","fifu_image_alt":"","footnotes":""},"categories":[73,53],"tags":[],"class_list":["post-51190","post","type-post","status-publish","format-standard","hentry","category-actualite","category-algerie"],"_links":{"self":[{"href":"https:\/\/linitiative.ca\/International\/wp-json\/wp\/v2\/posts\/51190","targetHints":{"allow":["GET"]}}],"collection":[{"href":"https:\/\/linitiative.ca\/International\/wp-json\/wp\/v2\/posts"}],"about":[{"href":"https:\/\/linitiative.ca\/International\/wp-json\/wp\/v2\/types\/post"}],"author":[{"embeddable":true,"href":"https:\/\/linitiative.ca\/International\/wp-json\/wp\/v2\/users\/1743"}],"replies":[{"embeddable":true,"href":"https:\/\/linitiative.ca\/International\/wp-json\/wp\/v2\/comments?post=51190"}],"version-history":[{"count":0,"href":"https:\/\/linitiative.ca\/International\/wp-json\/wp\/v2\/posts\/51190\/revisions"}],"wp:attachment":[{"href":"https:\/\/linitiative.ca\/International\/wp-json\/wp\/v2\/media?parent=51190"}],"wp:term":[{"taxonomy":"category","embeddable":true,"href":"https:\/\/linitiative.ca\/International\/wp-json\/wp\/v2\/categories?post=51190"},{"taxonomy":"post_tag","embeddable":true,"href":"https:\/\/linitiative.ca\/International\/wp-json\/wp\/v2\/tags?post=51190"}],"curies":[{"name":"wp","href":"https:\/\/api.w.org\/{rel}","templated":true}]}}