{"id":51194,"date":"2019-08-10T05:36:04","date_gmt":"2019-08-10T09:36:04","guid":{"rendered":"https:\/\/linitiative.ca\/International\/dirigeant-a-humain-rights-watch-ahmed-benchemsi-arrete-hier-a-alger\/"},"modified":"2019-08-10T05:36:04","modified_gmt":"2019-08-10T09:36:04","slug":"dirigeant-a-humain-rights-watch-ahmed-benchemsi-arrete-hier-a-alger","status":"publish","type":"post","link":"https:\/\/linitiative.ca\/International\/dirigeant-a-humain-rights-watch-ahmed-benchemsi-arrete-hier-a-alger\/","title":{"rendered":"Dirigeant \u00e0 Humain Rights Watch : Ahmed Benchemsi arr\u00eat\u00e9 hier \u00e0 Alger"},"content":{"rendered":"<h4 class=\"title-14\"\/>\n<p>Le directeur de la communication pour le Moyen- Orient et l\u2019Afrique du Nord de l\u2019Organisation de d\u00e9fense des droits de l\u2019homme, Human Rights Watch, Ahmed Benchemsi, a \u00e9t\u00e9 arr\u00eat\u00e9 hier par la police, \u00e0 Alger. Il a \u00e9t\u00e9 intercept\u00e9 durant la mobilisation populaire avant d\u2019\u00eatre conduit dans un commissariat en ville.<\/p>\n<p>A l\u2019heure o\u00f9 nous mettons sous presse, l\u2019ancien journaliste est maintenu en garde \u00e0 vue. L\u2019avocat, Abdelghani Badi, qui suit son \u00abcas\u00bb, a pr\u00e9cis\u00e9 que pour l\u2019heure \u00abon ne sait pas s\u2019il sera rel\u00e2ch\u00e9 ou s\u2019il va \u00eatre gard\u00e9 pendant 48 heures\u00bb. L\u2019ONG HRW, pour laquelle il travaille, n\u2019a pas encore r\u00e9agi.<\/p>\n<p>Il est vrai qu\u2019Ahmed Benchemsi ne se trouve pas en Alg\u00e9rie dans le cadre d\u2019une mission officielle. Fondateur et ex- directeur du magazine marocain Tel Quel, connu \u00e0 ses d\u00e9buts pour son ton critique \u00e0 l\u2019\u00e9gard de la monarchie, Ahmed Benchemsi est aussi citoyen am\u00e9ricain. M. Benchemsi est install\u00e9 aux Etats-Unis depuis 2010 et exerce en tant que chercheur, invit\u00e9 \u00e0 l\u2019universit\u00e9 Stanford, en Californie. Ind\u00e9sirable au Maroc o\u00f9 il a eu des d\u00e9m\u00eal\u00e9s avec le palais royal, Benchemsi est manifestement \u00abpersona non grata\u00bb chez le voisin de l\u2019Est, en pleine r\u00e9volution d\u00e9mocratique. Les autorit\u00e9s politiques se montrent f\u00e9briles \u00e0 l\u2019\u00e9gard de l\u2019\u00e9tranger.<\/p>\n<p><strong>R. N.<\/strong><\/p>\n<p><span class=\"post-views-label\">Post Views:<\/span> <span class=\"post-views-count\">3\u00a0693<\/span><\/p>\n<p><br class=\"c4\"\/><\/p>\n<p>Auteur: Hicham Chouadria<br \/>\n<a href=\"https:\/\/www.elwatan.com\/edition\/actualite\/dirigeant-a-humain-rights-watch-ahmed-benchemsi-arrete-hier-a-alger-10-08-2019\">Cliquez ici pour lire l&rsquo;article depuis sa source.<\/a><\/p>\n","protected":false},"excerpt":{"rendered":"<p>Le directeur de la communication pour le Moyen- Orient et l\u2019Afrique du Nord de l\u2019Organisation de d\u00e9fense des droits de l\u2019homme, Human Rights Watch, Ahmed Benchemsi, a \u00e9t\u00e9 arr\u00eat\u00e9 hier par la police, \u00e0 Alger. Il a \u00e9t\u00e9 intercept\u00e9 durant la mobilisation populaire avant d\u2019\u00eatre conduit dans un commissariat en ville. A l\u2019heure o\u00f9 nous [&hellip;]<\/p>\n","protected":false},"author":1743,"featured_media":0,"comment_status":"closed","ping_status":"closed","sticky":false,"template":"","format":"standard","meta":{"fifu_image_url":"","fifu_image_alt":"","footnotes":""},"categories":[73,53],"tags":[],"class_list":["post-51194","post","type-post","status-publish","format-standard","hentry","category-actualite","category-algerie"],"_links":{"self":[{"href":"https:\/\/linitiative.ca\/International\/wp-json\/wp\/v2\/posts\/51194","targetHints":{"allow":["GET"]}}],"collection":[{"href":"https:\/\/linitiative.ca\/International\/wp-json\/wp\/v2\/posts"}],"about":[{"href":"https:\/\/linitiative.ca\/International\/wp-json\/wp\/v2\/types\/post"}],"author":[{"embeddable":true,"href":"https:\/\/linitiative.ca\/International\/wp-json\/wp\/v2\/users\/1743"}],"replies":[{"embeddable":true,"href":"https:\/\/linitiative.ca\/International\/wp-json\/wp\/v2\/comments?post=51194"}],"version-history":[{"count":0,"href":"https:\/\/linitiative.ca\/International\/wp-json\/wp\/v2\/posts\/51194\/revisions"}],"wp:attachment":[{"href":"https:\/\/linitiative.ca\/International\/wp-json\/wp\/v2\/media?parent=51194"}],"wp:term":[{"taxonomy":"category","embeddable":true,"href":"https:\/\/linitiative.ca\/International\/wp-json\/wp\/v2\/categories?post=51194"},{"taxonomy":"post_tag","embeddable":true,"href":"https:\/\/linitiative.ca\/International\/wp-json\/wp\/v2\/tags?post=51194"}],"curies":[{"name":"wp","href":"https:\/\/api.w.org\/{rel}","templated":true}]}}