{"id":51214,"date":"2019-08-10T11:36:11","date_gmt":"2019-08-10T15:36:11","guid":{"rendered":"https:\/\/linitiative.ca\/International\/13-juin-2002-loi-sur-la-kafala\/"},"modified":"2019-08-10T11:36:11","modified_gmt":"2019-08-10T15:36:11","slug":"13-juin-2002-loi-sur-la-kafala","status":"publish","type":"post","link":"https:\/\/linitiative.ca\/International\/13-juin-2002-loi-sur-la-kafala\/","title":{"rendered":"13 Juin 2002 : Loi sur la Kafala"},"content":{"rendered":"<p>Un texte sur la <strong>Kafala<\/strong> (adoption) concernant les enfants abandonn\u00e9s est promulgu\u00e9 pour assurer la protection de l\u2019<strong>enfant<\/strong>, en lui attribuant le droit \u00e0 un nom d\u00e8s la naissance et faciliter les proc\u00e9dures de la Kafala.\u00a0<\/p>\n<div class=\"c10\"\/>\n<p><strong>Un Hors-s\u00e9rie exceptionnel du magazine Challenge \u00ab\u00a0Les 20 ans qui ont fond\u00e9 le Maroc de demain\u00a0\u00bb est en vente en kiosque.<\/strong><\/p>\n<p><img decoding=\"async\" src=\"https:\/\/www.challenge.ma\/wp-content\/uploads\/2019\/07\/Challenge-707-hors-serie-750x989-1.jpg\" alt=\"\" class=\"wp-image-114195\" srcset=\"https:\/\/www.challenge.ma\/wp-content\/uploads\/2019\/07\/Challenge-707-hors-serie-750x989-1.jpg 750w, https:\/\/www.challenge.ma\/wp-content\/uploads\/2019\/07\/Challenge-707-hors-serie-750x989-1-228x300.jpg 228w, https:\/\/www.challenge.ma\/wp-content\/uploads\/2019\/07\/Challenge-707-hors-serie-750x989-1-360x475.jpg 360w\" sizes=\"(max-width: 750px) 100vw, 750px\"\/><\/p>\n<div class=\"c17\">\n<fieldset class=\"c16\">\n<legend><strong><span class=\"c11\">Challenge<\/span><span class=\"c12\">news<\/span><\/strong><\/legend>\n<div class=\"c15\">Le meilleur de la r\u00e9daction s\u00e9lectionn\u00e9 par Challenge :<\/p>\n<\/div>\n<\/fieldset>\n<\/div>\n<p>Auteur: challenge<br \/>\n<a href=\"https:\/\/www.challenge.ma\/13-juin-2002-loi-sur-la-kafala-114561\/\">Cliquez ici pour lire l&rsquo;article depuis sa source.<\/a><\/p>\n","protected":false},"excerpt":{"rendered":"<p>Un texte sur la Kafala (adoption) concernant les enfants abandonn\u00e9s est promulgu\u00e9 pour assurer la protection de l\u2019enfant, en lui attribuant le droit \u00e0 un nom d\u00e8s la naissance et faciliter les proc\u00e9dures de la Kafala.\u00a0 Un Hors-s\u00e9rie exceptionnel du magazine Challenge \u00ab\u00a0Les 20 ans qui ont fond\u00e9 le Maroc de demain\u00a0\u00bb est en vente [&hellip;]<\/p>\n","protected":false},"author":1787,"featured_media":51215,"comment_status":"closed","ping_status":"closed","sticky":false,"template":"","format":"standard","meta":{"fifu_image_url":"","fifu_image_alt":"","footnotes":""},"categories":[78,54],"tags":[],"class_list":["post-51214","post","type-post","status-publish","format-standard","has-post-thumbnail","hentry","category-economie","category-maroc"],"_links":{"self":[{"href":"https:\/\/linitiative.ca\/International\/wp-json\/wp\/v2\/posts\/51214","targetHints":{"allow":["GET"]}}],"collection":[{"href":"https:\/\/linitiative.ca\/International\/wp-json\/wp\/v2\/posts"}],"about":[{"href":"https:\/\/linitiative.ca\/International\/wp-json\/wp\/v2\/types\/post"}],"author":[{"embeddable":true,"href":"https:\/\/linitiative.ca\/International\/wp-json\/wp\/v2\/users\/1787"}],"replies":[{"embeddable":true,"href":"https:\/\/linitiative.ca\/International\/wp-json\/wp\/v2\/comments?post=51214"}],"version-history":[{"count":0,"href":"https:\/\/linitiative.ca\/International\/wp-json\/wp\/v2\/posts\/51214\/revisions"}],"wp:featuredmedia":[{"embeddable":true,"href":"https:\/\/linitiative.ca\/International\/wp-json\/"}],"wp:attachment":[{"href":"https:\/\/linitiative.ca\/International\/wp-json\/wp\/v2\/media?parent=51214"}],"wp:term":[{"taxonomy":"category","embeddable":true,"href":"https:\/\/linitiative.ca\/International\/wp-json\/wp\/v2\/categories?post=51214"},{"taxonomy":"post_tag","embeddable":true,"href":"https:\/\/linitiative.ca\/International\/wp-json\/wp\/v2\/tags?post=51214"}],"curies":[{"name":"wp","href":"https:\/\/api.w.org\/{rel}","templated":true}]}}