{"id":51221,"date":"2019-08-10T09:50:04","date_gmt":"2019-08-10T13:50:04","guid":{"rendered":"https:\/\/linitiative.ca\/International\/le-yemen-face-au-risque-dune-guerre-civile-dans-la-guerre-civile\/"},"modified":"2019-08-10T09:50:04","modified_gmt":"2019-08-10T13:50:04","slug":"le-yemen-face-au-risque-dune-guerre-civile-dans-la-guerre-civile","status":"publish","type":"post","link":"https:\/\/linitiative.ca\/International\/le-yemen-face-au-risque-dune-guerre-civile-dans-la-guerre-civile\/","title":{"rendered":"Le Y\u00e9men face au risque d\u2019une \u00ab\u00a0guerre civile dans la guerre civile\u00a0\u00bb"},"content":{"rendered":"<div readability=\"32\">\n<p>Publi\u00e9 le 10.08.2019 \u00e0 14h50 par AFP<\/p>\n<\/div>\n<div readability=\"152\">\n<p>Les affrontements dans la grande ville d\u2019Aden au Y\u00e9men refl\u00e8tent de profondes fractures dans le camp antirebelles et menacent de provoquer \u00ab\u00a0une guerre civile dans la guerre civile\u00a0\u00bb, selon des experts.<\/p>\n<p>Pays pauvre de la p\u00e9ninsule Arabique, le Y\u00e9men est d\u00e9chir\u00e9 depuis pr\u00e8s de cinq ans par une guerre opposant les rebelles Houthis, originaires du Nord, \u00e0 des forces progouvernementales soutenues par une coalition militaire men\u00e9e par l\u2019Arabie saoudite et les Emirats arabes unis.<\/p>\n<p>Les Houthis contr\u00f4lent des r\u00e9gions du nord et de l\u2019ouest, ainsi que la capitale Sanaa, tandis que le camp antirebelles domine le sud du pays.<\/p>\n<p>Mais le camp anti-Houthis est lui-m\u00eame divis\u00e9, en particulier entre les s\u00e9paratistes du Sud et les unit\u00e9s du gouvernement, et s\u2019entred\u00e9chire \u00e0 nouveau violemment depuis mercredi.<\/p>\n<p>Ces affrontements, qui ont tu\u00e9 plus de 18 personnes dont des civils, menacent de provoquer, dans le sud du Y\u00e9men, \u00ab\u00a0une guerre civile dans la guerre civile\u00a0\u00bb ravageant d\u00e9j\u00e0 le pays, a estim\u00e9 dans un rapport le centre de r\u00e9flexion sur les conflits International Crisis Group (ICG).<\/p>\n<p>Samedi, des combattants s\u00e9paratistes \u2013favorables \u00e0 une ind\u00e9pendance du sud du Y\u00e9men\u2013 ont affirm\u00e9 avoir beaucoup progress\u00e9 \u00e0 Aden, faisant battre en retraite des soldats gouvernementaux assi\u00e9g\u00e9s selon eux au palais pr\u00e9sidentiel.<\/p>\n<p>\u2013 Pr\u00e9c\u00e9dent meurtrier \u2013<\/p>\n<p>Ce n\u2019est pas la premi\u00e8re fois que les s\u00e9paratistes du Conseil de transition du sud (STC) \u2013qui incluent une force nomm\u00e9e \u00ab\u00a0Cordon de s\u00e9curit\u00e9\u00a0\u00bb form\u00e9e par les Emirats arabes unis\u2013 s\u2019opposent aux unit\u00e9s loyales au gouvernement y\u00e9m\u00e9nite du pr\u00e9sident Abd Rabbo Mansour Hadi.<\/p>\n<p>En janvier 2018, trois jours de combats entre ces m\u00eames forces avaient fait au moins 38 morts et 222 bless\u00e9s.<\/p>\n<p>Les unit\u00e9s pro-Hadi s\u2019\u00e9taient d\u00e9j\u00e0 retrouv\u00e9es assi\u00e9g\u00e9es au palais pr\u00e9sidentiel et une intervention concert\u00e9e saoudo-\u00e9miratie avait permis in extremis de stopper la bataille d\u2019Aden.<\/p>\n<p>Les circonstances du d\u00e9clenchement des hostilit\u00e9s de cette semaine restent confuses, mais des responsables du STC ont accus\u00e9 le parti islamiste Al-Islah d\u2019avoir tu\u00e9 un commandant de la force \u00ab\u00a0Cordon de s\u00e9curit\u00e9\u00a0\u00bb. Ils affirment aussi depuis un moment qu\u2019Al-Islah a \u00ab\u00a0infiltr\u00e9\u00a0\u00bb le gouvernement Hadi.<\/p>\n<p>Toutes ces forces font pourtant partie depuis 2015 d\u2019une coalition h\u00e9t\u00e9roclite arabo-sunnite, men\u00e9e par le pouvoir saoudien \u00e0 Ryad et le gouvernement \u00e9mirati d\u2019Abou Dhabi, qui lutte contre les rebelles chiites Houthis, soutenus par l\u2019Iran.<\/p>\n<p>Les s\u00e9paratistes du STC n\u2019ont toutefois jamais cach\u00e9 leur hostilit\u00e9 envers le gouvernement \u00ab\u00a0corrompu\u00a0\u00bb de M. Hadi, lui-m\u00eame r\u00e9fugi\u00e9 \u00e0 Ryad.<\/p>\n<p>\u2013 La \u00ab\u00a0question du sud\u00a0\u00bb \u2013<\/p>\n<p>Aden \u00e9tait la capitale du Y\u00e9men du Sud, un Etat ind\u00e9pendant avant sa fusion avec le Nord en 1990.<\/p>\n<p>Selon l\u2019ICG, les nouveaux affrontements au sein du camp anti-Houthis soulignent \u00ab\u00a0la n\u00e9cessit\u00e9 pressante\u00a0\u00bb de traiter \u00ab\u00a0la question du Sud\u00a0\u00bb et des s\u00e9cessionnistes \u00ab\u00a0maintenant\u00a0\u00bb plut\u00f4t que d&rsquo;\u00a0\u00bbattendre une transition politique post-conflit\u00a0\u00bb.<\/p>\n<p>Par ailleurs, la situation, particuli\u00e8rement complexe d\u2019Aden, refl\u00e8te les ambigu\u00eft\u00e9s de la coalition antirebelles, \u00ab\u00a0unie contre un ennemi commun mais fragment\u00e9e et sans identit\u00e9 commune\u00a0\u00bb, a not\u00e9 l\u2019ICG.<\/p>\n<p>M\u00eame les Saoudiens et les Emiratis sont divis\u00e9s entre eux. Les unit\u00e9s loyales au pr\u00e9sident Hadi sont soutenues par Ryad, tandis que le STC et la force \u00ab\u00a0Cordon de s\u00e9curit\u00e9\u00a0\u00bb sont appuy\u00e9es par Abou Dhabi.<\/p>\n<p>Samedi, le gouvernement d\u2019Abou Dhabi s\u2019est d\u00e9clar\u00e9 \u00ab\u00a0tr\u00e8s inquiet\u00a0\u00bb par la situation \u00e0 Aden et a affirm\u00e9 oeuvrer au maximum \u00e0 une d\u00e9sescalade, \u00ab\u00a0en tant que partenaire actif de la coalition\u00a0\u00bb men\u00e9e par Ryad.<\/p>\n<p>Abdallah ben Zayed, ministre \u00e9mirati des Affaires \u00e9trang\u00e8res, a appel\u00e9 toutes les forces \u00e0 se concentrer sur la lutte contre les Houthis, consid\u00e9r\u00e9 comme l\u2019ennemi principal.<\/p>\n<p>Selon le Comit\u00e9 international de la Croix-Rouge, quelque 200.000 habitants d\u2019Aden n\u2019ont pas acc\u00e8s \u00e0 de l\u2019eau potable en raison des combats.<\/p>\n<p>Le conflit au Y\u00e9men a fait des dizaines de milliers de morts, dont une majorit\u00e9 de civils, selon diverses sources humanitaires.<\/p>\n<p>Environ 3,3 millions de personnes sont toujours d\u00e9plac\u00e9es et 24,1 millions, soit 80% de la population, ont besoin d\u2019assistance, selon l\u2019ONU qui \u00e9voque r\u00e9guli\u00e8rement la pire crise humanitaire au monde.<\/p>\n<\/div>\n<p>Auteur: AFP<br \/>\n<a href=\"https:\/\/www.journalducameroun.com\/le-yemen-face-au-risque-dune-guerre-civile-dans-la-guerre-civile\/\">Cliquez ici pour lire l&rsquo;article depuis sa source.<\/a><\/p>\n","protected":false},"excerpt":{"rendered":"<p>Publi\u00e9 le 10.08.2019 \u00e0 14h50 par AFP Les affrontements dans la grande ville d\u2019Aden au Y\u00e9men refl\u00e8tent de profondes fractures dans le camp antirebelles et menacent de provoquer \u00ab\u00a0une guerre civile dans la guerre civile\u00a0\u00bb, selon des experts. Pays pauvre de la p\u00e9ninsule Arabique, le Y\u00e9men est d\u00e9chir\u00e9 depuis pr\u00e8s de cinq ans par une [&hellip;]<\/p>\n","protected":false},"author":1965,"featured_media":0,"comment_status":"closed","ping_status":"closed","sticky":false,"template":"","format":"standard","meta":{"fifu_image_url":"","fifu_image_alt":"","footnotes":""},"categories":[73,82],"tags":[],"class_list":["post-51221","post","type-post","status-publish","format-standard","hentry","category-actualite","category-cameroun"],"_links":{"self":[{"href":"https:\/\/linitiative.ca\/International\/wp-json\/wp\/v2\/posts\/51221","targetHints":{"allow":["GET"]}}],"collection":[{"href":"https:\/\/linitiative.ca\/International\/wp-json\/wp\/v2\/posts"}],"about":[{"href":"https:\/\/linitiative.ca\/International\/wp-json\/wp\/v2\/types\/post"}],"author":[{"embeddable":true,"href":"https:\/\/linitiative.ca\/International\/wp-json\/wp\/v2\/users\/1965"}],"replies":[{"embeddable":true,"href":"https:\/\/linitiative.ca\/International\/wp-json\/wp\/v2\/comments?post=51221"}],"version-history":[{"count":0,"href":"https:\/\/linitiative.ca\/International\/wp-json\/wp\/v2\/posts\/51221\/revisions"}],"wp:attachment":[{"href":"https:\/\/linitiative.ca\/International\/wp-json\/wp\/v2\/media?parent=51221"}],"wp:term":[{"taxonomy":"category","embeddable":true,"href":"https:\/\/linitiative.ca\/International\/wp-json\/wp\/v2\/categories?post=51221"},{"taxonomy":"post_tag","embeddable":true,"href":"https:\/\/linitiative.ca\/International\/wp-json\/wp\/v2\/tags?post=51221"}],"curies":[{"name":"wp","href":"https:\/\/api.w.org\/{rel}","templated":true}]}}