{"id":51223,"date":"2019-08-10T10:50:05","date_gmt":"2019-08-10T14:50:05","guid":{"rendered":"https:\/\/linitiative.ca\/International\/le-financier-americain-jeffrey-epstein-sest-suicide-en-prison\/"},"modified":"2019-08-10T10:50:05","modified_gmt":"2019-08-10T14:50:05","slug":"le-financier-americain-jeffrey-epstein-sest-suicide-en-prison","status":"publish","type":"post","link":"https:\/\/linitiative.ca\/International\/le-financier-americain-jeffrey-epstein-sest-suicide-en-prison\/","title":{"rendered":"Le financier am\u00e9ricain Jeffrey Epstein s\u2019est suicid\u00e9 en prison"},"content":{"rendered":"<div readability=\"32\">\n<p>Publi\u00e9 le 10.08.2019 \u00e0 15h50 par AFP<\/p>\n<\/div>\n<div readability=\"136\">\n<p>Le financier et figure de la jet set am\u00e9ricaine Jeffrey Epstein s\u2019est suicid\u00e9 samedi dans sa cellule \u00e0 New York, o\u00f9 il attendait son proc\u00e8s un mois apr\u00e8s avoir \u00e9t\u00e9 inculp\u00e9 d\u2019agressions sexuelles sur des mineures.<\/p>\n<p>Selon le New York Times, qui cite des responsables sous couvert d\u2019anonymat, le financier de 66 ans, dont les d\u00e9lits pr\u00e9sum\u00e9s faisaient quasi-quotidiennement la une des m\u00e9dias depuis d\u00e9but juillet, s\u2019est pendu dans sa cellule et son corps sans vie a \u00e9t\u00e9 retrouv\u00e9 samedi matin vers 07H30 (11H30 GMT).<\/p>\n<p>Le bureau du m\u00e9decin l\u00e9giste a confirm\u00e9 son d\u00e9c\u00e8s, sans en pr\u00e9ciser la cause.<\/p>\n<p>Le New York Post a indiqu\u00e9 de son c\u00f4t\u00e9 que son corps avait \u00e9t\u00e9 transport\u00e9 vers 07H30 vers un h\u00f4pital proche de la prison, le Metropolitan Correctional Center, apr\u00e8s un appel pour arr\u00eat cardiaque vers 06H30.<\/p>\n<p>Fin juillet, Jeffrey Epstein avait \u00e9t\u00e9 retrouv\u00e9 allong\u00e9 par terre, bless\u00e9, dans sa cellule, avec des marques sur le cou, quelques jours apr\u00e8s la d\u00e9cision d\u2019un juge f\u00e9d\u00e9ral de le maintenir en d\u00e9tention.<\/p>\n<p>Plusieurs sources avaient alors indiqu\u00e9 qu\u2019il avait tent\u00e9 de se suicider, m\u00eame si ses blessures \u00e9taient sans gravit\u00e9. Il s\u2019\u00e9tait pr\u00e9sent\u00e9 dans les jours suivants \u00e0 une audience judiciaire.<\/p>\n<p>M. Epstein \u00e9tait accus\u00e9 d\u2019avoir organis\u00e9, pendant plusieurs ann\u00e9es, un r\u00e9seau constitu\u00e9 de dizaines de jeunes filles sous son emprise, certaines coll\u00e9giennes, avec lesquelles il avait des rapports sexuels dans ses nombreuses propri\u00e9t\u00e9s, notamment \u00e0 Manhattan et en Floride.<\/p>\n<p>\u2013 Dizaines de jeunes filles \u2013<\/p>\n<p>Les t\u00e9moignages qui sont ressortis via des documents judiciaires et des m\u00e9dias am\u00e9ricains brossaient de ce brillant et riche financier l\u2019image d\u2019un pr\u00e9dateur insatiable de jeunes filles, qu\u2019il faisait recruter par dizaines et venir dans ses somptueuses r\u00e9sidences.<\/p>\n<p>Bien que son nom ait d\u00e9j\u00e0 \u00e9t\u00e9 inscrit au fichier des d\u00e9linquants sexuels apr\u00e8s une premi\u00e8re condamnation tr\u00e8s l\u00e9g\u00e8re en Floride en 2007, une perquisition men\u00e9e d\u00e9but juillet dans sa maison du quartier hupp\u00e9 de l\u2019Upper East Side \u00e0 Manhattan avait r\u00e9v\u00e9l\u00e9 une salle de massage, intacte, o\u00f9 \u00e9taient entra\u00een\u00e9es ses victimes pr\u00e9sum\u00e9es.<\/p>\n<p>Selon plusieurs t\u00e9moignages, domestiques, secr\u00e9taire et recruteuses g\u00e9raient au millim\u00e8tre un sombre emploi du temps, avec prise de rendez-vous, transport, parfois m\u00eame en jet priv\u00e9, instructions et r\u00e9tribution, souvent 200 \u00e0 300 dollars par visite, voire cadeaux.<\/p>\n<p>Des centaines de pages de documents judiciaires rendus publics vendredi \u00e9taient venus confirmer qu\u2019il avait longtemps \u00e9t\u00e9 un membre \u00e9minent de la jet set, proche de nombreux hommes politiques, y compris les pr\u00e9sidents Bill Clinton et Donald Trump.<\/p>\n<p>Tous avaient affirm\u00e9 apr\u00e8s son inculpation ne pas avoir \u00e9t\u00e9 au courant de ses d\u00e9lits pr\u00e9sum\u00e9s et n\u2019avoir plus aucune relation avec lui depuis longtemps.<\/p>\n<p>Inculp\u00e9 le 8 juillet d\u2019exploitation sexuelle de mineures et d\u2019association de malfaiteurs en vue d\u2019exploiter sexuellement des mineures, il \u00e9tait passible de 45 ann\u00e9es d\u2019emprisonnement. Son proc\u00e8s devait s\u2019ouvrir au mieux en juin 2020.<\/p>\n<p>Le financier dont la fortune est estim\u00e9e \u00e0 plus de 500 millions de dollars avait \u00e9t\u00e9 d\u00e9bout\u00e9, le 18 juillet, d\u2019une demande de remise en libert\u00e9 sous caution.<\/p>\n<p>G\u00e9n\u00e9ralement utilis\u00e9 pour les justiciables en attente de leur proc\u00e8s, le Metropolitan Correctional Center est consid\u00e9r\u00e9 comme l\u2019un des \u00e9tablissements p\u00e9nitenciers les plus s\u00fbrs des Etats-Unis.<\/p>\n<p>Le narcotrafiquant mexicain Joaquin Guzman, alias \u00ab\u00a0El Chapo\u00a0\u00bb, y a notamment s\u00e9journ\u00e9 durant plus de deux ans.<\/p>\n<p>Certains m\u00e9dias ont indiqu\u00e9 qu\u2019il avait \u00e9t\u00e9 plac\u00e9 sous surveillance apr\u00e8s sa blessure fin juillet, mais cette information n\u2019a pas \u00e9t\u00e9 confirm\u00e9e officiellement.<\/p>\n<\/div>\n<p>Auteur: AFP<br \/>\n<a href=\"https:\/\/www.journalducameroun.com\/le-financier-americain-jeffrey-epstein-sest-suicide-en-prison\/\">Cliquez ici pour lire l&rsquo;article depuis sa source.<\/a><\/p>\n","protected":false},"excerpt":{"rendered":"<p>Publi\u00e9 le 10.08.2019 \u00e0 15h50 par AFP Le financier et figure de la jet set am\u00e9ricaine Jeffrey Epstein s\u2019est suicid\u00e9 samedi dans sa cellule \u00e0 New York, o\u00f9 il attendait son proc\u00e8s un mois apr\u00e8s avoir \u00e9t\u00e9 inculp\u00e9 d\u2019agressions sexuelles sur des mineures. Selon le New York Times, qui cite des responsables sous couvert d\u2019anonymat, [&hellip;]<\/p>\n","protected":false},"author":1965,"featured_media":0,"comment_status":"closed","ping_status":"closed","sticky":false,"template":"","format":"standard","meta":{"fifu_image_url":"","fifu_image_alt":"","footnotes":""},"categories":[73,82],"tags":[],"class_list":["post-51223","post","type-post","status-publish","format-standard","hentry","category-actualite","category-cameroun"],"_links":{"self":[{"href":"https:\/\/linitiative.ca\/International\/wp-json\/wp\/v2\/posts\/51223","targetHints":{"allow":["GET"]}}],"collection":[{"href":"https:\/\/linitiative.ca\/International\/wp-json\/wp\/v2\/posts"}],"about":[{"href":"https:\/\/linitiative.ca\/International\/wp-json\/wp\/v2\/types\/post"}],"author":[{"embeddable":true,"href":"https:\/\/linitiative.ca\/International\/wp-json\/wp\/v2\/users\/1965"}],"replies":[{"embeddable":true,"href":"https:\/\/linitiative.ca\/International\/wp-json\/wp\/v2\/comments?post=51223"}],"version-history":[{"count":0,"href":"https:\/\/linitiative.ca\/International\/wp-json\/wp\/v2\/posts\/51223\/revisions"}],"wp:attachment":[{"href":"https:\/\/linitiative.ca\/International\/wp-json\/wp\/v2\/media?parent=51223"}],"wp:term":[{"taxonomy":"category","embeddable":true,"href":"https:\/\/linitiative.ca\/International\/wp-json\/wp\/v2\/categories?post=51223"},{"taxonomy":"post_tag","embeddable":true,"href":"https:\/\/linitiative.ca\/International\/wp-json\/wp\/v2\/tags?post=51223"}],"curies":[{"name":"wp","href":"https:\/\/api.w.org\/{rel}","templated":true}]}}