{"id":51225,"date":"2019-08-10T11:50:03","date_gmt":"2019-08-10T15:50:03","guid":{"rendered":"https:\/\/linitiative.ca\/International\/nouveau-sauvetage-pour-locean-viking-richard-gere-en-soutien-aux-refugies-de-lopen-arms\/"},"modified":"2019-08-10T11:50:03","modified_gmt":"2019-08-10T15:50:03","slug":"nouveau-sauvetage-pour-locean-viking-richard-gere-en-soutien-aux-refugies-de-lopen-arms","status":"publish","type":"post","link":"https:\/\/linitiative.ca\/International\/nouveau-sauvetage-pour-locean-viking-richard-gere-en-soutien-aux-refugies-de-lopen-arms\/","title":{"rendered":"Nouveau sauvetage pour l\u2019Ocean Viking, Richard Gere en soutien aux \u00ab\u00a0r\u00e9fugi\u00e9s\u00a0\u00bb de l\u2019Open Arms"},"content":{"rendered":"<p>Le navire humanitaire Ocean Viking, affr\u00eat\u00e9 par SOS M\u00e9diterran\u00e9e et MSF, a secouru samedi 80 migrants, s\u2019ajoutant aux 85 de la veille, tandis que l\u2019Open Arms d\u2019une ONG espagnole bataillait avec Malte et l\u2019Italie pour d\u00e9barquer 121 migrants, en mer depuis neuf jours, \u00ab\u00a0proches du point de rupture\u00a0\u00bb, selon l\u2019acteur Richard Gere venu les soutenir \u00e0 Lampedusa.<\/p>\n<p>Les 80 migrants embarqu\u00e9s sur l\u2019Ocean Viking sont presque tous Soudanais et pour moiti\u00e9 des mineurs dont une forte proportion ayant entre 13 et 15 ans, et, selon MSF, leur embarcation \u00e9tait partie de Libye jeudi soir.<\/p>\n<p>C\u2019est la deuxi\u00e8me op\u00e9ration de secours conduite en 24 heures par l\u2019Ocean Viking, o\u00f9 se trouve une journaliste de l\u2019AFP. Le sauvetage de vendredi avait d\u00e9j\u00e0 permis de r\u00e9cup\u00e9rer 85 personnes dont cinq femmes et quatre enfants.<\/p>\n<p>Le canot pneumatique blanc sur lequel ils se trouvaient a \u00e9t\u00e9 rep\u00e9r\u00e9 gr\u00e2ce \u00e0 un avion effectuant des survols sur la zone, selon le chef de mission de MSF, Jay Berger.<\/p>\n<p>Environ 170 personnes, toutes originaires d\u2019Afrique sub-saharienne, se trouvent d\u00e9sormais \u00e0 bord du bateau humanitaire qui a quitt\u00e9 Marseille, dans le sud de la France, dimanche dernier.<\/p>\n<p>\u2013 \u00ab\u00a0Clandestins non identifi\u00e9s\u00a0\u00bb \u2013<\/p>\n<p>Le ministre italien de l\u2019Int\u00e9rieur, Matteo Salvini, qui a fait \u00e9clater jeudi la coalition populiste en Italie et m\u00e8ne d\u00e9j\u00e0 campagne en vue de probables \u00e9lections \u00e0 l\u2019automne, a adress\u00e9 un courrier au gouvernement de la Norv\u00e8ge, dont le navire Ocean Viking bat pavillon.<\/p>\n<p>\u00ab\u00a0L\u2019Italie n\u2019est pas juridiquement tenue, ni dispos\u00e9e \u00e0 accueillir les immigr\u00e9s clandestins non identifi\u00e9s, se trouvant \u00e0 bord de l\u2019Ocean Viking\u00a0\u00bb, a-t-il \u00e9crit.<\/p>\n<p>Il a de la m\u00eame mani\u00e8re interdit au navire de l\u2019ONG espagnole Proactiva Open Arms de d\u00e9barquer en Italie les migrants qui sont \u00e0 son bord.<\/p>\n<p>Samedi, Malte a \u00ab\u00a0propos\u00e9 de transf\u00e9rer 39 migrants \u00e0 bord d\u2019un navire des forces militaires, et de les d\u00e9barquer sur le sol maltais, car ils ont \u00e9t\u00e9 r\u00e9cup\u00e9r\u00e9s dans la zone de secours de comp\u00e9tence de Malte\u00a0\u00bb.<\/p>\n<p>Mais La Valette ne veut pas accueilir 121 autres personnes h\u00e9berg\u00e9es sur l\u2019Open Arms, apr\u00e8s avoir \u00e9t\u00e9 sauv\u00e9es il y a neuf jours, au motif qu\u2019elles ont \u00e9t\u00e9 \u00ab\u00a0intercept\u00e9es dans une zone dont ni Malte ni l\u2019autorit\u00e9 de coordination comp\u00e9tente n\u2019est responsable\u00a0\u00bb.<\/p>\n<p>Pour le fondateur de Proactiva Open Arms, Oscar Camps, cette position \u00ab\u00a0a provoqu\u00e9 un s\u00e9rieux probl\u00e8me de s\u00e9curit\u00e9 \u00e0 bord. Le niveau d\u2019anxi\u00e9t\u00e9 de ces personnes est insoutenable\u00a0\u00bb.<\/p>\n<p>\u2013 \u00ab\u00a0Pas des migrants, des r\u00e9fugi\u00e9s\u00a0\u00bb \u2013<\/p>\n<p>L\u2019acteur am\u00e9ricain Richard Gere, venu soutenir l\u2019Open Arms, a pris la d\u00e9fense des ONG et des migrants samedi lors d\u2019une conf\u00e9rence de presse \u00e0 Lampedusa.<\/p>\n<p>\u00ab\u00a0La plupart des gens en parlent comme de migrants mais pour moi ce sont des r\u00e9fugi\u00e9s en fuite\u00a0\u00bb, a d\u00e9clar\u00e9 la star am\u00e9ricaine Richard Gere, assise aux c\u00f4t\u00e9s de dirigeants de l\u2019ONG Proactiva.<\/p>\n<p>\u00ab\u00a0Ce sont 121 histoires diff\u00e9rentes, ce sont des gens extraordinaires, ils sont si forts, ils ont v\u00e9cu des horreurs, un enfer, la torture, les viols, l\u2019emprisonnement\u00a0\u00bb, a ajout\u00e9 l\u2019acteur, en disant n&rsquo;\u00a0\u00bben avoir rien \u00e0 faire de la politique\u00a0\u00bb et \u00ab\u00a0vouloir seulement aider des gens en d\u00e9tresse\u00a0\u00bb.<\/p>\n<p>Il a fait allusion \u00e0 la \u00ab\u00a0tr\u00e8s bizarre situation politique\u00a0\u00bb am\u00e9ricaine \u00ab\u00a0avec un pr\u00e9sident qui place beaucoup d\u2019\u00e9nergie dans la d\u00e9shumanisation\u00a0\u00bb. \u00ab\u00a0Nous avons nos r\u00e9fugi\u00e9s venant du Honduras, du Salvador, du Nicaragua, du Mexique, c\u2019est tr\u00e8s similaire \u00e0 ici\u00a0\u00bb. Mais \u00ab\u00a0partout sur la terre, il faut arr\u00eater de diaboliser les \u00eatres humains\u00a0\u00bb, a plaid\u00e9 l\u2019acteur.<\/p>\n<p>Vendredi, il \u00e9tait mont\u00e9 sur l\u2019Open Arms pour rencontrer l\u2019\u00e9quipage et les migrants dont une trentaine sont mineurs et leur apporter de l\u2019eau et de la nourriture. Les migrants sont \u00ab\u00a0en bonne forme mais ils se rapprochent du point de rupture\u00a0\u00bb, avait-il soulign\u00e9.<\/p>\n<p>Une situation confirm\u00e9e par M. Camps samedi: \u00ab\u00a0le plus important c\u2019est la sant\u00e9 de ces personnes et chaque jour qui passe, la situation se d\u00e9t\u00e9riore\u00a0\u00bb.<\/p>\n<p>\u00ab\u00a0Aucun d\u00e9cret, aucune amende, ni code de conduite ne nous emp\u00eachera de prot\u00e9ger les vies humaines en mer\u00a0\u00bb, a-t-il ajout\u00e9, avant de renouveler ses critiques envers Malte. \u00ab\u00a0On ne peut pas \u00e9vacuer 39 personnes et dire aux 121 autres qu\u2019elles ne peuvent pas d\u00e9barquer, ce n\u2019est ni juste ni logique\u00a0\u00bb.<\/p>\n<p>Auteur: AFP<br \/>\n<a href=\"https:\/\/www.journalducameroun.com\/nouveau-sauvetage-pour-locean-viking-richard-gere-en-soutien-aux-refugies-de-lopen-arms\/\">Cliquez ici pour lire l&rsquo;article depuis sa source.<\/a><\/p>\n","protected":false},"excerpt":{"rendered":"<p>Le navire humanitaire Ocean Viking, affr\u00eat\u00e9 par SOS M\u00e9diterran\u00e9e et MSF, a secouru samedi 80 migrants, s\u2019ajoutant aux 85 de la veille, tandis que l\u2019Open Arms d\u2019une ONG espagnole bataillait avec Malte et l\u2019Italie pour d\u00e9barquer 121 migrants, en mer depuis neuf jours, \u00ab\u00a0proches du point de rupture\u00a0\u00bb, selon l\u2019acteur Richard Gere venu les soutenir [&hellip;]<\/p>\n","protected":false},"author":1965,"featured_media":0,"comment_status":"closed","ping_status":"closed","sticky":false,"template":"","format":"standard","meta":{"fifu_image_url":"","fifu_image_alt":"","footnotes":""},"categories":[73,82],"tags":[],"class_list":["post-51225","post","type-post","status-publish","format-standard","hentry","category-actualite","category-cameroun"],"_links":{"self":[{"href":"https:\/\/linitiative.ca\/International\/wp-json\/wp\/v2\/posts\/51225","targetHints":{"allow":["GET"]}}],"collection":[{"href":"https:\/\/linitiative.ca\/International\/wp-json\/wp\/v2\/posts"}],"about":[{"href":"https:\/\/linitiative.ca\/International\/wp-json\/wp\/v2\/types\/post"}],"author":[{"embeddable":true,"href":"https:\/\/linitiative.ca\/International\/wp-json\/wp\/v2\/users\/1965"}],"replies":[{"embeddable":true,"href":"https:\/\/linitiative.ca\/International\/wp-json\/wp\/v2\/comments?post=51225"}],"version-history":[{"count":0,"href":"https:\/\/linitiative.ca\/International\/wp-json\/wp\/v2\/posts\/51225\/revisions"}],"wp:attachment":[{"href":"https:\/\/linitiative.ca\/International\/wp-json\/wp\/v2\/media?parent=51225"}],"wp:term":[{"taxonomy":"category","embeddable":true,"href":"https:\/\/linitiative.ca\/International\/wp-json\/wp\/v2\/categories?post=51225"},{"taxonomy":"post_tag","embeddable":true,"href":"https:\/\/linitiative.ca\/International\/wp-json\/wp\/v2\/tags?post=51225"}],"curies":[{"name":"wp","href":"https:\/\/api.w.org\/{rel}","templated":true}]}}