{"id":51261,"date":"2019-08-11T08:06:57","date_gmt":"2019-08-11T12:06:57","guid":{"rendered":"https:\/\/linitiative.ca\/International\/rencontre-de-communication-a-jerada-au-profit-des-mre\/"},"modified":"2019-08-11T08:06:57","modified_gmt":"2019-08-11T12:06:57","slug":"rencontre-de-communication-a-jerada-au-profit-des-mre","status":"publish","type":"post","link":"https:\/\/linitiative.ca\/International\/rencontre-de-communication-a-jerada-au-profit-des-mre\/","title":{"rendered":"Rencontre de communication \u00e0 Jerada au profit des MRE"},"content":{"rendered":"<p class=\"c1\">Une rencontre de communication avec des membres de la communaut\u00e9 marocaine r\u00e9sidant \u00e0 l\u2019\u00e9tranger a eu lieu, samedi au si\u00e8ge de la pr\u00e9fecture de la province de Jerada, \u00e0 l\u2019occasion de la Journ\u00e9e nationale du migrant c\u00e9l\u00e9br\u00e9e cette ann\u00e9e sous le signe \u00ab\u00a0la politique de proximit\u00e9 au service des Marocains du monde\u00a0\u00bb.<\/p>\n<p class=\"c1\">La rencontre a r\u00e9uni, en plus de MRE originaires de cette province, les repr\u00e9sentants des autorit\u00e9s locales, le pr\u00e9sident du Conseil provincial, le pr\u00e9sident de la Chambre r\u00e9gionale d\u2019Artisanat, les chefs de services ext\u00e9rieurs et de s\u00e9curit\u00e9, les pr\u00e9sidents des collectivit\u00e9s territoriales, des acteurs de la soci\u00e9t\u00e9 civile et des responsables de banques.<\/p>\n<p class=\"c1\">Le gouverneur de la province, Mabrouk Tabet, a rappel\u00e9 \u00e0 cette occasion l\u2019int\u00e9r\u00eat particulier dont SM le Roi entoure la communaut\u00e9 marocaine \u00e9tablie \u00e0 l\u2019\u00e9tranger qui, a-t-il dit, joue un r\u00f4le important dans l\u2019appui et le renforcement du tissu \u00e9conomique et du processus de d\u00e9veloppement dans toutes ses dimensions.<\/p>\n<p class=\"c1\">M. Tabet a appel\u00e9 dans ce sens les membres de cette communaut\u00e9 \u00e0 mettre leurs comp\u00e9tences et leur savoir-faire, acquis dans les pays d\u2019accueil, au service du d\u00e9veloppement de la province de Jerada dans les domaines \u00e9conomique, social et culturel, et \u00e0 faire preuve d\u2019une adh\u00e9sion effective et sereine \u00e0 ce processus notamment via la r\u00e9alisation de projets porteurs de richesses et d\u2019emplois au niveau du territoire de la province qui jouit d\u00e9sormais des infrastructures n\u00e9cessaires pour attirer des investissements.<\/p>\n<p class=\"c1\">La rencontre a \u00e9t\u00e9 marqu\u00e9e par la pr\u00e9sentation de deux expos\u00e9s dont le premier a trait\u00e9 de l\u2019avancement des projets de d\u00e9veloppement s\u2019inscrivant dans le cadre de la convention de partenariat relative \u00e0 la politique de la ville 2015-2018 dot\u00e9e d\u2019une enveloppe de plus 630 MDH et visant la r\u00e9alisation de 46 projets dans trois communes.<\/p>\n<p class=\"c1\">Ainsi, la commune de Jerada a b\u00e9n\u00e9fici\u00e9 de 17 projets de d\u00e9veloppement touchant diff\u00e9rents secteurs pour un investissement de l\u2019ordre de 338,67 MDH, alors que la commune de A\u00efn Bni Mathar a profit\u00e9 de 16 projets (187,95 MDH), tandis que celle de Touissit a connu la programmation de 13 projets totalisant 104,9 MDH.<\/p>\n<p class=\"c1\">Le second expos\u00e9 a \u00e9t\u00e9 ax\u00e9, quant \u00e0 lui, sur l\u2019\u00e9tat des travaux des projets inscrits dans le Programme de d\u00e9veloppement de la province de Jerada au titre de la p\u00e9riode 2018-2020 dont l\u2019investissement global s\u2019\u00e9l\u00e8ve \u00e0 900 MDH pour la r\u00e9alisation de 21 projets (16 d\u00e9j\u00e0 lanc\u00e9s) dans divers secteurs vitaux.<\/p>\n<p class=\"c1\">La rencontre a constitu\u00e9 aussi une occasion pour \u00e9changer sur les attentes des membres de la communaut\u00e9 marocaine r\u00e9sidant \u00e0 l\u2019\u00e9tranger, examiner leurs r\u00e9clamations et exposer les services et avantages d\u00e9di\u00e9s aux Marocains du monde.<\/p>\n<p>Auteur: Soufiane ELAHMAR<br \/>\n<a href=\"http:\/\/www.mapoujda.ma\/fr\/rencontre-de-communication-a-jerada-au-profit-des-mre\/\">Cliquez ici pour lire l&rsquo;article depuis sa source.<\/a><\/p>\n","protected":false},"excerpt":{"rendered":"<p>Une rencontre de communication avec des membres de la communaut\u00e9 marocaine r\u00e9sidant \u00e0 l\u2019\u00e9tranger a eu lieu, samedi au si\u00e8ge de la pr\u00e9fecture de la province de Jerada, \u00e0 l\u2019occasion de la Journ\u00e9e nationale du migrant c\u00e9l\u00e9br\u00e9e cette ann\u00e9e sous le signe \u00ab\u00a0la politique de proximit\u00e9 au service des Marocains du monde\u00a0\u00bb. La rencontre a [&hellip;]<\/p>\n","protected":false},"author":1788,"featured_media":0,"comment_status":"closed","ping_status":"closed","sticky":false,"template":"","format":"standard","meta":{"fifu_image_url":"","fifu_image_alt":"","footnotes":""},"categories":[54,76],"tags":[],"class_list":["post-51261","post","type-post","status-publish","format-standard","hentry","category-maroc","category-regions"],"_links":{"self":[{"href":"https:\/\/linitiative.ca\/International\/wp-json\/wp\/v2\/posts\/51261","targetHints":{"allow":["GET"]}}],"collection":[{"href":"https:\/\/linitiative.ca\/International\/wp-json\/wp\/v2\/posts"}],"about":[{"href":"https:\/\/linitiative.ca\/International\/wp-json\/wp\/v2\/types\/post"}],"author":[{"embeddable":true,"href":"https:\/\/linitiative.ca\/International\/wp-json\/wp\/v2\/users\/1788"}],"replies":[{"embeddable":true,"href":"https:\/\/linitiative.ca\/International\/wp-json\/wp\/v2\/comments?post=51261"}],"version-history":[{"count":0,"href":"https:\/\/linitiative.ca\/International\/wp-json\/wp\/v2\/posts\/51261\/revisions"}],"wp:attachment":[{"href":"https:\/\/linitiative.ca\/International\/wp-json\/wp\/v2\/media?parent=51261"}],"wp:term":[{"taxonomy":"category","embeddable":true,"href":"https:\/\/linitiative.ca\/International\/wp-json\/wp\/v2\/categories?post=51261"},{"taxonomy":"post_tag","embeddable":true,"href":"https:\/\/linitiative.ca\/International\/wp-json\/wp\/v2\/tags?post=51261"}],"curies":[{"name":"wp","href":"https:\/\/api.w.org\/{rel}","templated":true}]}}