{"id":51264,"date":"2019-08-11T15:13:59","date_gmt":"2019-08-11T19:13:59","guid":{"rendered":"https:\/\/linitiative.ca\/International\/international-real-zidane-dernier-rempart-a-une-arrivee-de-neymar\/"},"modified":"2019-08-11T15:13:59","modified_gmt":"2019-08-11T19:13:59","slug":"international-real-zidane-dernier-rempart-a-une-arrivee-de-neymar","status":"publish","type":"post","link":"https:\/\/linitiative.ca\/International\/international-real-zidane-dernier-rempart-a-une-arrivee-de-neymar\/","title":{"rendered":"International : Real : Zidane dernier rempart \u00e0 une arriv\u00e9e de Neymar ?"},"content":{"rendered":"<div readability=\"32\">\n<p>Auteur : <span class=\"time\">dimanche 11 ao\u00fbt 2019 08:46<\/span><\/p>\n<\/div>\n<div id=\"post_core\" readability=\"49\">\n<p>C\u2019est en tout cas ce que\u00a0L\u2019Equipe\u00a0confirme encore. Le tout en pr\u00e9cisant \u00ab\u00a0qu&rsquo;il reste encore \u00e0 convaincre (Zinedine) Zidane\u00a0\u00bb et que la Casa Blanca et le PSG doivent encore trouver un terrain d\u2019entente. Avec un \u00e9change\u00a0? Le quotidien sportif laisse entendre que plusieurs joueurs madril\u00e8nes pourraient \u00e9ventuellement int\u00e9resser les champions de France,\u00a0Gareth Bale,\u00a0James Rodriguez,\u00a0Isco\u00a0ou encore un gardien (Keylor Navas\u00a0?) comme le rapporte Sport24.<\/p>\n<p>\u00ab\u00a0Rien n&rsquo;est encore fait et tout est possible\u00a0\u00bb, assure \u00ab\u00a0un proche du dossier\u00a0\u00bb. Une chose est s\u00fbre\u00a0:\u00a0Neymar Jr, 27 ans, ne jouera pas dimanche contre N\u00eemes. Leonardo l\u2019a affirm\u00e9. Le directeur sportif parisien a aussi \u00e9voqu\u00e9 des \u00ab\u00a0discussions\u00a0\u00bb en vue d\u2019un \u00e9ventuel transfert de la star, en prenant le soin de pr\u00e9ciser que \u00ab\u00a0cela ne veut pas dire qu&rsquo;il y a un accord\u00a0\u00bb.<\/p>\n<p><strong>Publi\u00e9 dans :<\/strong> <span>real madrid<\/span><\/p>\n<\/div>\n<p>Auteur:<br \/>\n<a href=\"http:\/\/www.lebuteur.com\/article\/detail?titre=real-zidane-dernier-rempart-a-une-arrivee-de-neymar&#038;id=91007&#038;utm_source=feedburner&#038;utm_medium=feed&#038;utm_campaign=Feed%3A+GalerieFArtciles+%28Les+derniers+articles++-+lebuteur.com%29\">Cliquez ici pour lire l&rsquo;article depuis sa source.<\/a><\/p>\n","protected":false},"excerpt":{"rendered":"<p>Auteur : dimanche 11 ao\u00fbt 2019 08:46 C\u2019est en tout cas ce que\u00a0L\u2019Equipe\u00a0confirme encore. Le tout en pr\u00e9cisant \u00ab\u00a0qu&rsquo;il reste encore \u00e0 convaincre (Zinedine) Zidane\u00a0\u00bb et que la Casa Blanca et le PSG doivent encore trouver un terrain d\u2019entente. Avec un \u00e9change\u00a0? Le quotidien sportif laisse entendre que plusieurs joueurs madril\u00e8nes pourraient \u00e9ventuellement int\u00e9resser les [&hellip;]<\/p>\n","protected":false},"author":1738,"featured_media":51265,"comment_status":"closed","ping_status":"closed","sticky":false,"template":"","format":"standard","meta":{"fifu_image_url":"","fifu_image_alt":"","footnotes":""},"categories":[53,75],"tags":[],"class_list":["post-51264","post","type-post","status-publish","format-standard","has-post-thumbnail","hentry","category-algerie","category-sport"],"_links":{"self":[{"href":"https:\/\/linitiative.ca\/International\/wp-json\/wp\/v2\/posts\/51264","targetHints":{"allow":["GET"]}}],"collection":[{"href":"https:\/\/linitiative.ca\/International\/wp-json\/wp\/v2\/posts"}],"about":[{"href":"https:\/\/linitiative.ca\/International\/wp-json\/wp\/v2\/types\/post"}],"author":[{"embeddable":true,"href":"https:\/\/linitiative.ca\/International\/wp-json\/wp\/v2\/users\/1738"}],"replies":[{"embeddable":true,"href":"https:\/\/linitiative.ca\/International\/wp-json\/wp\/v2\/comments?post=51264"}],"version-history":[{"count":0,"href":"https:\/\/linitiative.ca\/International\/wp-json\/wp\/v2\/posts\/51264\/revisions"}],"wp:featuredmedia":[{"embeddable":true,"href":"https:\/\/linitiative.ca\/International\/wp-json\/"}],"wp:attachment":[{"href":"https:\/\/linitiative.ca\/International\/wp-json\/wp\/v2\/media?parent=51264"}],"wp:term":[{"taxonomy":"category","embeddable":true,"href":"https:\/\/linitiative.ca\/International\/wp-json\/wp\/v2\/categories?post=51264"},{"taxonomy":"post_tag","embeddable":true,"href":"https:\/\/linitiative.ca\/International\/wp-json\/wp\/v2\/tags?post=51264"}],"curies":[{"name":"wp","href":"https:\/\/api.w.org\/{rel}","templated":true}]}}