{"id":51268,"date":"2019-08-11T15:14:02","date_gmt":"2019-08-11T19:14:02","guid":{"rendered":"https:\/\/linitiative.ca\/International\/pros-montpellier-delort-assume-ses-responsabilites-apres-la-defaite-face-a-rennes\/"},"modified":"2019-08-11T15:14:02","modified_gmt":"2019-08-11T19:14:02","slug":"pros-montpellier-delort-assume-ses-responsabilites-apres-la-defaite-face-a-rennes","status":"publish","type":"post","link":"https:\/\/linitiative.ca\/International\/pros-montpellier-delort-assume-ses-responsabilites-apres-la-defaite-face-a-rennes\/","title":{"rendered":"Pros : Montpellier : Delort assume ses responsabilit\u00e9s apr\u00e8s la d\u00e9faite face \u00e0 Rennes"},"content":{"rendered":"<div readability=\"32\">\n<p>Auteur : <span class=\"time\">dimanche 11 ao\u00fbt 2019 09:47<\/span><\/p>\n<\/div>\n<div id=\"post_core\" readability=\"57\">\n<p>Le r\u00e9cent champion d&rsquo;Afrique avec l&rsquo;Alg\u00e9rie a pris pour lui le mauvais r\u00e9sultat de son \u00e9quipe et s\u2019estime fautif :<\/p>\n<p>\u00ab\u00a0On est tous d\u00e9\u00e7us par le r\u00e9sultat, et moi le premier. J\u2019ai manqu\u00e9 ce penalty (61e), puis ensuite je rate encore une belle opportunit\u00e9 de revenir dans le match (84e), c\u2019est comme \u00e7a\u2026 Apr\u00e8s, l\u2019an dernier, on avait aussi commenc\u00e9 par une d\u00e9faite \u00e0 la Mosson (1-2 contre Angers) et on avait quand m\u00eame r\u00e9ussi une belle saison. Mais bon, je suis tr\u00e8s d\u00e9\u00e7u de moi. On a chang\u00e9 de mani\u00e8re de d\u00e9fendre sur les coups de pied arr\u00eat\u00e9s et on s\u2019est fait prendre d\u2019entr\u00e9e, c\u2019est dommage. Apr\u00e8s ils ont eu un rouge, on a eu des occasions\u2026 Je suis vraiment d\u00e9\u00e7u pour mon \u00e9quipe, pour le public, mais j\u2019assume. Un penalty, c\u2019est un duel avec le gardien. L\u00e0, c\u2019est lui qui a gagn\u00e9. Je prends la d\u00e9faite pour moi, parce que je n\u2019ai pas su convertir mes opportunit\u00e9s. Donc ce soir, c\u2019est de ma faute. Je me sens bien physiquement parce que je n\u2019ai pas coup\u00e9. Il me manque juste \u00e0 retrouver la finition, mais je ne me fais pas de souci pour \u00e7a, \u00e7a va revenir\u00a0\u00bb, a-t-il d\u00e9clar\u00e9 comme le rapporte mhsconair.com.<\/p>\n<p><strong>Publi\u00e9 dans :<\/strong> <span>Montpellier<\/span><\/p>\n<\/div>\n<p>Auteur:<br \/>\n<a href=\"http:\/\/www.lebuteur.com\/article\/detail?titre=montpellier-delort-assume-ses-responsabilites-apres-la-defaite-face-a-rennes&#038;id=91009&#038;utm_source=feedburner&#038;utm_medium=feed&#038;utm_campaign=Feed%3A+GalerieFArtciles+%28Les+derniers+articles++-+lebuteur.com%29\">Cliquez ici pour lire l&rsquo;article depuis sa source.<\/a><\/p>\n","protected":false},"excerpt":{"rendered":"<p>Auteur : dimanche 11 ao\u00fbt 2019 09:47 Le r\u00e9cent champion d&rsquo;Afrique avec l&rsquo;Alg\u00e9rie a pris pour lui le mauvais r\u00e9sultat de son \u00e9quipe et s\u2019estime fautif : \u00ab\u00a0On est tous d\u00e9\u00e7us par le r\u00e9sultat, et moi le premier. J\u2019ai manqu\u00e9 ce penalty (61e), puis ensuite je rate encore une belle opportunit\u00e9 de revenir dans le [&hellip;]<\/p>\n","protected":false},"author":1738,"featured_media":51269,"comment_status":"closed","ping_status":"closed","sticky":false,"template":"","format":"standard","meta":{"fifu_image_url":"","fifu_image_alt":"","footnotes":""},"categories":[53,75],"tags":[],"class_list":["post-51268","post","type-post","status-publish","format-standard","has-post-thumbnail","hentry","category-algerie","category-sport"],"_links":{"self":[{"href":"https:\/\/linitiative.ca\/International\/wp-json\/wp\/v2\/posts\/51268","targetHints":{"allow":["GET"]}}],"collection":[{"href":"https:\/\/linitiative.ca\/International\/wp-json\/wp\/v2\/posts"}],"about":[{"href":"https:\/\/linitiative.ca\/International\/wp-json\/wp\/v2\/types\/post"}],"author":[{"embeddable":true,"href":"https:\/\/linitiative.ca\/International\/wp-json\/wp\/v2\/users\/1738"}],"replies":[{"embeddable":true,"href":"https:\/\/linitiative.ca\/International\/wp-json\/wp\/v2\/comments?post=51268"}],"version-history":[{"count":0,"href":"https:\/\/linitiative.ca\/International\/wp-json\/wp\/v2\/posts\/51268\/revisions"}],"wp:featuredmedia":[{"embeddable":true,"href":"https:\/\/linitiative.ca\/International\/wp-json\/"}],"wp:attachment":[{"href":"https:\/\/linitiative.ca\/International\/wp-json\/wp\/v2\/media?parent=51268"}],"wp:term":[{"taxonomy":"category","embeddable":true,"href":"https:\/\/linitiative.ca\/International\/wp-json\/wp\/v2\/categories?post=51268"},{"taxonomy":"post_tag","embeddable":true,"href":"https:\/\/linitiative.ca\/International\/wp-json\/wp\/v2\/tags?post=51268"}],"curies":[{"name":"wp","href":"https:\/\/api.w.org\/{rel}","templated":true}]}}