{"id":51270,"date":"2019-08-11T15:14:03","date_gmt":"2019-08-11T19:14:03","guid":{"rendered":"https:\/\/linitiative.ca\/International\/pros-saint-etienne-boudebouz-commente-la-victoire-de-son-equipe-face-a-dijon\/"},"modified":"2019-08-11T15:14:03","modified_gmt":"2019-08-11T19:14:03","slug":"pros-saint-etienne-boudebouz-commente-la-victoire-de-son-equipe-face-a-dijon","status":"publish","type":"post","link":"https:\/\/linitiative.ca\/International\/pros-saint-etienne-boudebouz-commente-la-victoire-de-son-equipe-face-a-dijon\/","title":{"rendered":"Pros : Saint-Etienne : Boudebouz commente la victoire de son \u00e9quipe face \u00e0 Dijon"},"content":{"rendered":"<div readability=\"32\">\n<p>Auteur : <span class=\"time\">dimanche 11 ao\u00fbt 2019 09:57<\/span><\/p>\n<\/div>\n<div id=\"post_core\" readability=\"47\">\n<p>Apr\u00e8s la rencontre, Ryad Boudebouz, la derni\u00e8re recrue st\u00e9phanoise, s\u2019est arr\u00eat\u00e9 en zone-mixte pour \u00e9voquer la victoire de son \u00e9quipe. Le meneur de jeu estime qu\u2019il reste du travail pour que ses co\u00e9quipiers et lui atteignent leur pic de forme :<\/p>\n<p>\u00ab\u00a0On a vu les vid\u00e9os de Dijon en pr\u00e9paration, c\u2019est une \u00e9quipe difficile \u00e0 jouer. On a fait le travail. On aurait pu tuer le match. Il va rester beaucoup de travail pour la saison, physiquement on n\u2019est pas encore au top, juge le milieu offensif au micro de beIN Sports. Il va falloir que l\u2019on reste concentr\u00e9 car quand l\u2019Europa League va commencer on aura beaucoup moins de temps pour travailler. Il va falloir enregistrer ce que dit le coach rapidement.\u00a0\u00bb Des propos relay\u00e9s par Footmercato.<\/p>\n<p><strong>Publi\u00e9 dans :<\/strong> <span>Saint Etienne<\/span><\/p>\n<\/div>\n<p>Auteur:<br \/>\n<a href=\"http:\/\/www.lebuteur.com\/article\/detail?titre=saint-etienne-boudebouz-commente-la-victoire-de-son-equipe-face-a-dijon&#038;id=91010&#038;utm_source=feedburner&#038;utm_medium=feed&#038;utm_campaign=Feed%3A+GalerieFArtciles+%28Les+derniers+articles++-+lebuteur.com%29\">Cliquez ici pour lire l&rsquo;article depuis sa source.<\/a><\/p>\n","protected":false},"excerpt":{"rendered":"<p>Auteur : dimanche 11 ao\u00fbt 2019 09:57 Apr\u00e8s la rencontre, Ryad Boudebouz, la derni\u00e8re recrue st\u00e9phanoise, s\u2019est arr\u00eat\u00e9 en zone-mixte pour \u00e9voquer la victoire de son \u00e9quipe. Le meneur de jeu estime qu\u2019il reste du travail pour que ses co\u00e9quipiers et lui atteignent leur pic de forme : \u00ab\u00a0On a vu les vid\u00e9os de Dijon [&hellip;]<\/p>\n","protected":false},"author":1738,"featured_media":51271,"comment_status":"closed","ping_status":"closed","sticky":false,"template":"","format":"standard","meta":{"fifu_image_url":"","fifu_image_alt":"","footnotes":""},"categories":[53,75],"tags":[],"class_list":["post-51270","post","type-post","status-publish","format-standard","has-post-thumbnail","hentry","category-algerie","category-sport"],"_links":{"self":[{"href":"https:\/\/linitiative.ca\/International\/wp-json\/wp\/v2\/posts\/51270","targetHints":{"allow":["GET"]}}],"collection":[{"href":"https:\/\/linitiative.ca\/International\/wp-json\/wp\/v2\/posts"}],"about":[{"href":"https:\/\/linitiative.ca\/International\/wp-json\/wp\/v2\/types\/post"}],"author":[{"embeddable":true,"href":"https:\/\/linitiative.ca\/International\/wp-json\/wp\/v2\/users\/1738"}],"replies":[{"embeddable":true,"href":"https:\/\/linitiative.ca\/International\/wp-json\/wp\/v2\/comments?post=51270"}],"version-history":[{"count":0,"href":"https:\/\/linitiative.ca\/International\/wp-json\/wp\/v2\/posts\/51270\/revisions"}],"wp:featuredmedia":[{"embeddable":true,"href":"https:\/\/linitiative.ca\/International\/wp-json\/"}],"wp:attachment":[{"href":"https:\/\/linitiative.ca\/International\/wp-json\/wp\/v2\/media?parent=51270"}],"wp:term":[{"taxonomy":"category","embeddable":true,"href":"https:\/\/linitiative.ca\/International\/wp-json\/wp\/v2\/categories?post=51270"},{"taxonomy":"post_tag","embeddable":true,"href":"https:\/\/linitiative.ca\/International\/wp-json\/wp\/v2\/tags?post=51270"}],"curies":[{"name":"wp","href":"https:\/\/api.w.org\/{rel}","templated":true}]}}