{"id":51274,"date":"2019-08-11T15:14:06","date_gmt":"2019-08-11T19:14:06","guid":{"rendered":"https:\/\/linitiative.ca\/International\/international-barca-manolas-chambre-suarez\/"},"modified":"2019-08-11T15:14:06","modified_gmt":"2019-08-11T19:14:06","slug":"international-barca-manolas-chambre-suarez","status":"publish","type":"post","link":"https:\/\/linitiative.ca\/International\/international-barca-manolas-chambre-suarez\/","title":{"rendered":"International : Bar\u00e7a : Manolas chambre Suarez"},"content":{"rendered":"<div readability=\"32\">\n<p>Auteur : <span class=\"time\">dimanche 11 ao\u00fbt 2019 14:30<\/span><\/p>\n<\/div>\n<div id=\"post_core\" readability=\"43\">\n<p>Le d\u00e9fenseur grec du Napoli, Kostas Manolas et\u00a0l&rsquo;attaquant Luis Suarez se sont invectiv\u00e9s durant ce match. Et l&rsquo;ancien joueur de l&rsquo;AS Rome, transf\u00e9r\u00e9 cet \u00e9t\u00e9 du c\u00f4t\u00e9 de Naples ne s&rsquo;est pas fait prier\u00a0pour chambrer et rappeler des souvenirs au joueur du Bar\u00e7a. A la 25e minute du match, \u00e9change de mots vifs entre les deux joueurs et Manolas lui tend trois doigts et les agite, lui rappelant la Remontada subie par le FC Barcelone en 2017. Les Romains et Manolas avaient obtenu leur qualification apr\u00e8s avoir renvers\u00e9 la situation au match retour, \u00e0 domicile, 3-0. Un douloureux souvenir pour l&rsquo;Uruguayen qui a tout de m\u00eame inscrit un doubl\u00e9 hier soir pour un succ\u00e8s 0-4 des Barcelonais. Source : Onzemondial.<\/p>\n<p><strong>Publi\u00e9 dans :<\/strong> <span>bar\u00e7a<\/span> <span>suarez<\/span> <span>Manolas<\/span><\/p>\n<\/div>\n<p>Auteur:<br \/>\n<a href=\"http:\/\/www.lebuteur.com\/article\/detail?titre=barca-manolas-chambre-suarez&#038;id=91011&#038;utm_source=feedburner&#038;utm_medium=feed&#038;utm_campaign=Feed%3A+GalerieFArtciles+%28Les+derniers+articles++-+lebuteur.com%29\">Cliquez ici pour lire l&rsquo;article depuis sa source.<\/a><\/p>\n","protected":false},"excerpt":{"rendered":"<p>Auteur : dimanche 11 ao\u00fbt 2019 14:30 Le d\u00e9fenseur grec du Napoli, Kostas Manolas et\u00a0l&rsquo;attaquant Luis Suarez se sont invectiv\u00e9s durant ce match. Et l&rsquo;ancien joueur de l&rsquo;AS Rome, transf\u00e9r\u00e9 cet \u00e9t\u00e9 du c\u00f4t\u00e9 de Naples ne s&rsquo;est pas fait prier\u00a0pour chambrer et rappeler des souvenirs au joueur du Bar\u00e7a. A la 25e minute du [&hellip;]<\/p>\n","protected":false},"author":1738,"featured_media":51275,"comment_status":"closed","ping_status":"closed","sticky":false,"template":"","format":"standard","meta":{"fifu_image_url":"","fifu_image_alt":"","footnotes":""},"categories":[53,75],"tags":[],"class_list":["post-51274","post","type-post","status-publish","format-standard","has-post-thumbnail","hentry","category-algerie","category-sport"],"_links":{"self":[{"href":"https:\/\/linitiative.ca\/International\/wp-json\/wp\/v2\/posts\/51274","targetHints":{"allow":["GET"]}}],"collection":[{"href":"https:\/\/linitiative.ca\/International\/wp-json\/wp\/v2\/posts"}],"about":[{"href":"https:\/\/linitiative.ca\/International\/wp-json\/wp\/v2\/types\/post"}],"author":[{"embeddable":true,"href":"https:\/\/linitiative.ca\/International\/wp-json\/wp\/v2\/users\/1738"}],"replies":[{"embeddable":true,"href":"https:\/\/linitiative.ca\/International\/wp-json\/wp\/v2\/comments?post=51274"}],"version-history":[{"count":0,"href":"https:\/\/linitiative.ca\/International\/wp-json\/wp\/v2\/posts\/51274\/revisions"}],"wp:featuredmedia":[{"embeddable":true,"href":"https:\/\/linitiative.ca\/International\/wp-json\/"}],"wp:attachment":[{"href":"https:\/\/linitiative.ca\/International\/wp-json\/wp\/v2\/media?parent=51274"}],"wp:term":[{"taxonomy":"category","embeddable":true,"href":"https:\/\/linitiative.ca\/International\/wp-json\/wp\/v2\/categories?post=51274"},{"taxonomy":"post_tag","embeddable":true,"href":"https:\/\/linitiative.ca\/International\/wp-json\/wp\/v2\/tags?post=51274"}],"curies":[{"name":"wp","href":"https:\/\/api.w.org\/{rel}","templated":true}]}}