{"id":51278,"date":"2019-08-11T15:14:08","date_gmt":"2019-08-11T19:14:08","guid":{"rendered":"https:\/\/linitiative.ca\/International\/international-barcelone-une-solution-inattendue-envisagee-pour-coutinho\/"},"modified":"2019-08-11T15:14:08","modified_gmt":"2019-08-11T19:14:08","slug":"international-barcelone-une-solution-inattendue-envisagee-pour-coutinho","status":"publish","type":"post","link":"https:\/\/linitiative.ca\/International\/international-barcelone-une-solution-inattendue-envisagee-pour-coutinho\/","title":{"rendered":"International : Barcelone : Une solution inattendue envisag\u00e9e pour Coutinho ?"},"content":{"rendered":"<div readability=\"32\">\n<p>Auteur : <span class=\"time\">dimanche 11 ao\u00fbt 2019 15:15<\/span><\/p>\n<\/div>\n<div id=\"post_core\" readability=\"49\">\n<p>Pourtant, tous les clubs anglais ne semblent pas avoir renonc\u00e9 \u00e0 l\u2019id\u00e9e de recruter lors de ce mercato estival. Interdit de recrutement par la FIFA jusqu\u2019\u00e0 l\u2019\u00e9t\u00e9 prochain, Chelsea aurait ainsi mis en place une strat\u00e9gie pour faire signer Philippe Coutinho, qui n&rsquo;est plus vraiment le bienvenu au FC Barcelone.<\/p>\n<p>D\u2019apr\u00e8s les informations d\u00e9voil\u00e9es par Le 10 Sport, les Blues auraient un plan pour contourner leur interdiction de recruter cet \u00e9t\u00e9 et ainsi pouvoir s\u2019offrir les services de Philippe Coutinho. Les dirigeants de Chelsea souhaiteraient n\u00e9gocier avec la FIFA pour voir leur sanction r\u00e9duite et pouvoir de nouveau \u00eatre actifs sur le march\u00e9 des transferts d\u00e8s le mois de janvier. Si tel \u00e9tait le cas le club londonien pourrait, selon la m\u00eame source,\u00a0se positionner sur le dossier Coutinho en tentant de trouver un accord avec le FC Barcelone\u00a0d\u00e8s cet \u00e9t\u00e9, mais n\u2019officialiser sa venue du Br\u00e9silien que lors du mercato hivernal.<\/p>\n<p><strong>Publi\u00e9 dans :<\/strong> <span>bar\u00e7a<\/span> <span>Coutinho<\/span><\/p>\n<\/div>\n<p>Auteur:<br \/>\n<a href=\"http:\/\/www.lebuteur.com\/article\/detail?titre=barcelone-une-solution-inattendue-envisagee-pour-coutinho&#038;id=91012&#038;utm_source=feedburner&#038;utm_medium=feed&#038;utm_campaign=Feed%3A+GalerieFArtciles+%28Les+derniers+articles++-+lebuteur.com%29\">Cliquez ici pour lire l&rsquo;article depuis sa source.<\/a><\/p>\n","protected":false},"excerpt":{"rendered":"<p>Auteur : dimanche 11 ao\u00fbt 2019 15:15 Pourtant, tous les clubs anglais ne semblent pas avoir renonc\u00e9 \u00e0 l\u2019id\u00e9e de recruter lors de ce mercato estival. Interdit de recrutement par la FIFA jusqu\u2019\u00e0 l\u2019\u00e9t\u00e9 prochain, Chelsea aurait ainsi mis en place une strat\u00e9gie pour faire signer Philippe Coutinho, qui n&rsquo;est plus vraiment le bienvenu au [&hellip;]<\/p>\n","protected":false},"author":1738,"featured_media":51279,"comment_status":"closed","ping_status":"closed","sticky":false,"template":"","format":"standard","meta":{"fifu_image_url":"","fifu_image_alt":"","footnotes":""},"categories":[53,75],"tags":[],"class_list":["post-51278","post","type-post","status-publish","format-standard","has-post-thumbnail","hentry","category-algerie","category-sport"],"_links":{"self":[{"href":"https:\/\/linitiative.ca\/International\/wp-json\/wp\/v2\/posts\/51278","targetHints":{"allow":["GET"]}}],"collection":[{"href":"https:\/\/linitiative.ca\/International\/wp-json\/wp\/v2\/posts"}],"about":[{"href":"https:\/\/linitiative.ca\/International\/wp-json\/wp\/v2\/types\/post"}],"author":[{"embeddable":true,"href":"https:\/\/linitiative.ca\/International\/wp-json\/wp\/v2\/users\/1738"}],"replies":[{"embeddable":true,"href":"https:\/\/linitiative.ca\/International\/wp-json\/wp\/v2\/comments?post=51278"}],"version-history":[{"count":0,"href":"https:\/\/linitiative.ca\/International\/wp-json\/wp\/v2\/posts\/51278\/revisions"}],"wp:featuredmedia":[{"embeddable":true,"href":"https:\/\/linitiative.ca\/International\/wp-json\/"}],"wp:attachment":[{"href":"https:\/\/linitiative.ca\/International\/wp-json\/wp\/v2\/media?parent=51278"}],"wp:term":[{"taxonomy":"category","embeddable":true,"href":"https:\/\/linitiative.ca\/International\/wp-json\/wp\/v2\/categories?post=51278"},{"taxonomy":"post_tag","embeddable":true,"href":"https:\/\/linitiative.ca\/International\/wp-json\/wp\/v2\/tags?post=51278"}],"curies":[{"name":"wp","href":"https:\/\/api.w.org\/{rel}","templated":true}]}}