{"id":51282,"date":"2019-08-11T07:08:06","date_gmt":"2019-08-11T11:08:06","guid":{"rendered":"https:\/\/linitiative.ca\/International\/93094-coupe-de-la-caf-tour-preliminaire-aller-le-cr-belouizdad-s-impose-face-a-l-as-coton-2-0\/"},"modified":"2019-08-11T07:08:06","modified_gmt":"2019-08-11T11:08:06","slug":"93094-coupe-de-la-caf-tour-preliminaire-aller-le-cr-belouizdad-s-impose-face-a-l-as-coton-2-0","status":"publish","type":"post","link":"https:\/\/linitiative.ca\/International\/93094-coupe-de-la-caf-tour-preliminaire-aller-le-cr-belouizdad-s-impose-face-a-l-as-coton-2-0\/","title":{"rendered":"Coupe de la CAF (tour pr\u00e9liminaire\/aller): le CR Belouizdad s\u2019impose face \u00e0 l\u2019AS Coton (2-0)"},"content":{"rendered":"<div>\n<div class=\"K2FeedIntroText\">\n<p><strong>ALGER &#8211; Le CR Belouizdad s\u2019est impos\u00e9 samedi soir face au club tchadien de l\u2019AS Coton 2 \u00e0 0 (mi-temps : 1-0), au stade olympique du 5-juillet, dans le cadre du tour pr\u00e9liminaire (aller) de la Coupe de la Conf\u00e9d\u00e9ration africaine de football (CAF).<\/strong><\/p>\n<\/div>\n<div class=\"K2FeedFullText\">\n<p>L\u2019attaquant Ahmad Gasmi a ouvert le score \u00e0 la 22e minute de jeu, sur une passe d\u00e9cisive d\u2019Amir Sayoud. En seconde mi-temps, Sayoud s\u2019est transform\u00e9 en buteur, en corsant l\u2019addition sur une reprise de la t\u00eate, apr\u00e8s un centre en retrait de Nessakh (81e).<\/p>\n<p>Le Chabab, d\u00e9tenteur de la Coupe d\u2019Alg\u00e9rie, tentera de valider sa qualification le vendredi 23 ao\u00fbt, \u00e0 l\u2019occasion de la seconde manche pr\u00e9vue \u00e0 Ndjamena.<\/p>\n<p>Le Paradou AC, l\u2019autre repr\u00e9sentant alg\u00e9rien dans cette \u00e9preuve, n\u2019a pas fait dans la dentelle en battant facilement vendredi le club guin\u00e9en de l\u2019IC Kamsar (3-0) au stade du 5-juillet, pour sa premi\u00e8re apparition sur le plan continental.<\/p>\n<p>\u00a0<\/p>\n<p style=\"text-align: center;\"><strong>D\u00e9clarations \u00e0 l\u2019issue du match CR Belouizdad &#8211; AS Coton du Tchad (2-0)<\/strong><\/p>\n<p>\u00a0<\/p>\n<p><strong>&#8211; Abdelkader Amrani (entraineur\/CRB):<\/strong> \u00ab Je ne peux pas dire si cette victoire sera suffisante pour pouvoir arracher notre qualification. Nous avons jou\u00e9 la premi\u00e8re manche chez nous, en attendant la seconde en d\u00e9placement. Je d\u00e9plore l\u2019\u00e9tat de la pelouse qui ne nous a pas permis de d\u00e9velopper notre jeu face \u00e0 un adversaire qui s\u2019est content\u00e9 de d\u00e9fendre. Les joueurs manquaient de solutions. Je regrette les occasions rat\u00e9es qui n\u00e9cessitaient plus de concentration et de patience. Le deuxi\u00e8me but est venu tr\u00e8s en retard, chose qui nous a emp\u00each\u00e9s par la suite de niveler la marque. C\u2019est le premier match de la saison, le manque de rythme \u00e9tait visible. Les joueurs ont fourni des efforts sur le plan physique, m\u00eame s\u2019ils manqu\u00e9 de rigueur notamment en premi\u00e8re p\u00e9riode. J\u2019aurais aim\u00e9 gagn\u00e9 avec un score plus large, pour pouvoir jouer en toute s\u00e9r\u00e9nit\u00e9 au Tchad, mais je pense que nous avons les moyens de sceller notre qualification l\u00e0 bas. Je suis satisfait de mes \u00e9l\u00e9ments, mais s\u2019il nous reste beaucoup de travail \u00e0 faire. Nous allons disputer deux matchs de championnat avant le match retour, chose qui va nous permettre d\u2019\u00eatre mieux en jambes \u00bb.<\/p>\n<p>\u00a0<\/p>\n<p><strong>&#8211; Mohamed Lamine (entra\u00eeneur\/AS Coton):<\/strong> \u00ab En d\u00e9pit de la d\u00e9faite, mes joueurs ont bien jou\u00e9. On connaissait peu notre adversaire, \u00e7a \u00e9t\u00e9 difficile. Notre prestation reste acceptable. On ne peut rien pr\u00e9dire dans le football. Nous allons nous pr\u00e9parer en cons\u00e9quence en vue de la seconde manche chez nous. Perdre 2 \u00e0 0 n\u2019est pas une mission impossible en vue du match retour, on peut remonter le score. Nous avons perdu une bataille, on sera mieux arm\u00e9s lors de la seconde manche, d\u2019autant que nous avons d\u00e9sormais une id\u00e9e assez claire sur le CRB. L\u2019\u00e9quipe alg\u00e9rienne a rat\u00e9 beaucoup d\u2019occasions devant son public, elle n\u2019aura certainement pas le m\u00eame nombre d\u2019occasions \u00e0 Ndjamena \u00bb.<\/p>\n<p>\u00a0<\/p>\n<p><strong>&#8211; Sofiane Bouchar (d\u00e9fenseur\/CRB):<\/strong> \u00ab Nous aurions pu gagner avec un score plus large, qui aurait pu nous permettre de se d\u00e9placer au Tchad en toute s\u00e9r\u00e9nit\u00e9. D\u00e9sormais, nous allons nous concentrer sur le d\u00e9but du championnat de Ligue 1 et la n\u00e9cessit\u00e9 de revenir avec un bon r\u00e9sultat de notre premier match en d\u00e9placement face au CABBA Arreridj. Notre objectif en coupe de la Conf\u00e9d\u00e9ration est d\u2019aller le plus loin possible, et pourquoi remporter le troph\u00e9e \u00bb.<\/p>\n<p>\u00a0<\/p>\n<p><strong>&#8211; Ahmed Gasmi (attaquant\/CRB):<\/strong> \u00ab Je suis tr\u00e8s content d\u2019avoir contribu\u00e9 \u00e0 cette victoire. Nous aurions aim\u00e9 gagn\u00e9 avec plus de deux buts, mais \u00e7a reste un succ\u00e8s bon \u00e0 prendre. Je remercie les joueurs et les supporters qui nous ont soutenus ce soir. Ce n\u2019est qu\u2019un d\u00e9but. Nous devons garder les pieds sur terre et penser \u00e0 la seconde manche qui s\u2019annonce difficile \u00bb.<\/p>\n<p>\u00a0<\/p>\n<p><strong>&#8211; Billel Tariket (milieu de terrain\/CRB):<\/strong> \u00ab Ce n\u2019est que le match aller. On savait que la rencontre allait \u00eatre difficile, mais les joueurs \u00e9taient bien concentr\u00e9s. L\u2019id\u00e9al \u00e9tait de gagner avec un score plus large. Nous manquons de rythme, on n\u2019est pas encore \u00e0 100% de nos moyens. Je remercie notre public pour ses encouragements \u00bb.<\/p>\n<\/div>\n<p><img loading=\"lazy\" decoding=\"async\" src=\"http:\/\/feeds.feedburner.com\/~r\/aps-sport\/~4\/7SISI_HSgJA\" height=\"1\" width=\"1\" alt=\"\"><\/div>\n<p>Auteur:<br \/>\n<a href=\"http:\/\/www.aps.dz\/sport\/93094-coupe-de-la-caf-tour-preliminaire-aller-le-cr-belouizdad-s-impose-face-a-l-as-coton-2-0?utm_source=feedburner&#038;utm_medium=feed&#038;utm_campaign=Feed%3A+aps-sport+%28APS+-+SPORT%29\">Cliquez ici pour lire l&rsquo;article depuis sa source.<\/a><\/p>\n","protected":false},"excerpt":{"rendered":"<p>ALGER &#8211; Le CR Belouizdad s\u2019est impos\u00e9 samedi soir face au club tchadien de l\u2019AS Coton 2 \u00e0 0 (mi-temps : 1-0), au stade olympique du 5-juillet, dans le cadre du tour pr\u00e9liminaire (aller) de la Coupe de la Conf\u00e9d\u00e9ration africaine de football (CAF). L\u2019attaquant Ahmad Gasmi a ouvert le score \u00e0 la 22e minute [&hellip;]<\/p>\n","protected":false},"author":1790,"featured_media":0,"comment_status":"closed","ping_status":"closed","sticky":false,"template":"","format":"standard","meta":{"fifu_image_url":"","fifu_image_alt":"","footnotes":""},"categories":[53,75],"tags":[],"class_list":["post-51282","post","type-post","status-publish","format-standard","hentry","category-algerie","category-sport"],"_links":{"self":[{"href":"https:\/\/linitiative.ca\/International\/wp-json\/wp\/v2\/posts\/51282","targetHints":{"allow":["GET"]}}],"collection":[{"href":"https:\/\/linitiative.ca\/International\/wp-json\/wp\/v2\/posts"}],"about":[{"href":"https:\/\/linitiative.ca\/International\/wp-json\/wp\/v2\/types\/post"}],"author":[{"embeddable":true,"href":"https:\/\/linitiative.ca\/International\/wp-json\/wp\/v2\/users\/1790"}],"replies":[{"embeddable":true,"href":"https:\/\/linitiative.ca\/International\/wp-json\/wp\/v2\/comments?post=51282"}],"version-history":[{"count":0,"href":"https:\/\/linitiative.ca\/International\/wp-json\/wp\/v2\/posts\/51282\/revisions"}],"wp:attachment":[{"href":"https:\/\/linitiative.ca\/International\/wp-json\/wp\/v2\/media?parent=51282"}],"wp:term":[{"taxonomy":"category","embeddable":true,"href":"https:\/\/linitiative.ca\/International\/wp-json\/wp\/v2\/categories?post=51282"},{"taxonomy":"post_tag","embeddable":true,"href":"https:\/\/linitiative.ca\/International\/wp-json\/wp\/v2\/tags?post=51282"}],"curies":[{"name":"wp","href":"https:\/\/api.w.org\/{rel}","templated":true}]}}