{"id":51287,"date":"2019-08-11T06:30:00","date_gmt":"2019-08-11T10:30:00","guid":{"rendered":"https:\/\/linitiative.ca\/International\/quand-beji-caid-essebsi-revient-sur-lattaque-contre-sakiet-sidi-youssef-et-le-probleme-des-refugies\/"},"modified":"2019-08-11T06:30:00","modified_gmt":"2019-08-11T10:30:00","slug":"quand-beji-caid-essebsi-revient-sur-lattaque-contre-sakiet-sidi-youssef-et-le-probleme-des-refugies","status":"publish","type":"post","link":"https:\/\/linitiative.ca\/International\/quand-beji-caid-essebsi-revient-sur-lattaque-contre-sakiet-sidi-youssef-et-le-probleme-des-refugies\/","title":{"rendered":"Quand B\u00e9ji Ca\u00efd Essebsi revient sur l&rsquo;attaque contre Sakiet Sidi Youssef et le probl\u00e8me des r\u00e9fugi\u00e9s"},"content":{"rendered":"<p><span class=\"c2\">Paru en 2009, chez Sud Editions, le livre autobiographique \u00ab Bourguiba, le bon grain et l\u2019ivraie \u00bb de B\u00e9ji Ca\u00efd Essebsi, est un t\u00e9moignage de premier ordre qui nous renseigne autant sur l\u2019auteur que sur la p\u00e9riode qui a pr\u00e9c\u00e9d\u00e9 l\u2019ind\u00e9pendance et ses acteurs, notamment Bourguiba. Un personnage central par l\u2019ampleur de sa contribution autant \u00e0 l\u2019ind\u00e9pendance du pays qu\u2019\u00e0 l\u2019\u00e9dification de l\u2019Etat moderne auquel l&rsquo;auteur voue une admiration sans bornes. Nous vous en proposons ci-apr\u00e8s des bonnes feuilles<\/span><\/p>\n<h2>Sidi Youssef et le probl\u00e8me des r\u00e9fugi\u00e9s<\/h2>\n<p>Le bombardement de Sakiet Sidi Youssef le 8 f\u00e9vrier 1958 allait offrir \u00e0 la Tunisie l\u2019occasion de porter le probl\u00e8me devant les Nations unies, de d\u00e9noncer sur le plan international le maintien d\u2019une arm\u00e9e \u00e9trang\u00e8re dans un pays ind\u00e9pendant et souverain et d\u2019exiger en cons\u00e9quence l\u2019\u00e9vacuation totale.<\/p>\n<p>Les flux croissants de r\u00e9fugi\u00e9s alg\u00e9riens dictaient une d\u00e9marche in\u00e9vitable d\u2019internationalisation: la Tunisie d\u00e9cide de faire appel au Haut Commissariat des Nations unies pour les r\u00e9fugi\u00e9s. Zouhir Chelli, du minist\u00e8re des Affaires \u00e9trang\u00e8res, et moi-m\u00eame \u00e9tions charg\u00e9s d\u2019\u00e9valuer l\u2019envergure du probl\u00e8me et de pr\u00e9ciser la r\u00e9partition et les points de concentration des r\u00e9fugi\u00e9s. Nous nous rendons sur les fronti\u00e8res et, au terme d\u2019une enqu\u00eate rapide, Zouhir Chelli soumet un premier rapport. Sur cette base, Khema\u00efs Hajeri, Secr\u00e9taire G\u00e9n\u00e9ral du minist\u00e8re des Affaires \u00e9trang\u00e8res, devait \u00e9tablir la requ\u00eate destin\u00e9e au Haut Commissariat pour les r\u00e9fugi\u00e9s. Hajeri, par scrupule, insistait pour se rendre personnellement sur les lieux afin de compl\u00e9ter et de pr\u00e9ciser les donn\u00e9es de base de son rapport. A sa demande, et sur l\u2019insistance de Si Bahi, je l\u2019ai accompagn\u00e9 sur les lieux. Le 29 mai 1957, \u00e0 notre arriv\u00e9e \u00e0 A\u00efn Draham, le d\u00e9l\u00e9gu\u00e9 Laroussi Ben Brahim nous apprend qu\u2019un incident militaire, le matin m\u00eame, bloquait la route conduisant aux campements de r\u00e9fugi\u00e9s. Nous savons que l\u2019arm\u00e9e fran\u00e7aise occupait une caserne situ\u00e9e \u00e0 proximit\u00e9 de la ville, plus pr\u00e8s de la fronti\u00e8re, et que des patrouilles sillonnaient la r\u00e9gion sans se soucier des ordres des autorit\u00e9s tunisiennes qui soumettaient tout d\u00e9placement \u00e0 une autorisation pr\u00e9alable. Deux jours plus t\u00f4t, le Gouverneur de la ville, Naceur Ben Jaafar, avait fait arr\u00eater en pleine ville le commandant et quelques sous-officiers et les avait d\u00e9tenus toute la journ\u00e9e au si\u00e8ge du gouvernorat. L\u2019incident de ce matin \u00e9tait vraisemblablement provoqu\u00e9 en r\u00e9plique \u00e0 cette audace du Gouverneur. Nous d\u00e9cidons d\u2019aller sur les lieux et d\u2019en avoir le c\u0153ur net.<\/p>\n<p class=\"c3\"><img loading=\"lazy\" decoding=\"async\" src=\"\/uploads\/FCK_files\/Sans%20titre-14(1).jpg\" alt=\"\" width=\"700\" vspace=\"5\" hspace=\"5\" height=\"366\" align=\"middle\"\/><\/p>\n<p>A quelques dizaines de kilom\u00e8tres de la ville, en pleine for\u00eat, nous observons en effet un groupe de soldats tunisiens et de gardes nationaux pointant leurs fusils contre une colonne de tanks fran\u00e7ais. Le capitaine Abdallah Abaab commandait ce d\u00e9tachement. Nous descendons tous de voiture et, accompagn\u00e9 du d\u00e9l\u00e9gu\u00e9, je me dirige vers l\u2019officier qui commandait les blind\u00e9s fran\u00e7ais. Tout en m\u2019approchant, j\u2019invite cet officier \u00e0 d\u00e9tourner les canons loin des soldats tunisiens et \u00e0 se replier dans sa caserne car il n\u2019\u00e9tait pas autoris\u00e9 \u00e0 circuler dans cette zone. L\u2019officier me r\u00e9pond que ses soldats ne pouvaient effectuer aucune man\u0153uvre de cette nature tant que les soldats tunisiens les tenaient en joue avec des armes charg\u00e9es et point\u00e9es offensivement. Il protestait contre le fait que nos soldats se soient empress\u00e9s de charger leurs armes sans sommation.<\/p>\n<h2>Khemaies Hajeri gravement atteint, et moi une balle dans le genou<\/h2>\n<p>Je r\u00e9alisais que le moindre coup de feu allait provoquer un carnage. Brusquement, avant m\u00eame que je n\u2019aie pu me tourner vers les rangs tunisiens, la fusillade \u00e9clatait, des balles sifflaient autour de nous, j\u2019ai pu tout juste me jeter dans un foss\u00e9 sur le bord du chemin, en appelant le d\u00e9l\u00e9gu\u00e9 \u00e0 s\u2019y pr\u00e9cipiter avec moi. L\u2019officier fran\u00e7ais \u00e0 son tour plonge avec nous. Je r\u00e9alise que mon genou \u00e9tait en sang, une balle ayant coup\u00e9 mon pantalon \u00e0 ce niveau, et que l\u2019endroit que nous venions de quitter, le d\u00e9l\u00e9gu\u00e9 et moi-m\u00eame, \u00e9tait labour\u00e9 d\u2019un sillon creus\u00e9 par des obus qui, apparemment, nous \u00e9taient destin\u00e9s. Le bruit des obus \u00e9tait assourdissant et les d\u00e9tonations \u00e9taient si fortes qu\u2019elles nous secouaient au fond de l\u2019abri. Plusieurs soldats tunisiens \u00e9taient atteints, de m\u00eame que Khema\u00efs Hajeri. A la faveur d\u2019une accalmie, nous remontons de nos abris. Le chauffeur Ta\u00efeb, du minist\u00e8re des Affaires \u00e9trang\u00e8res, se pr\u00e9cipite pour secourir Hajeri, il le hisse sur ses \u00e9paules et l\u2019emporte jusqu\u2019\u00e0 sa voiture.<\/p>\n<p class=\"c3\"><img loading=\"lazy\" decoding=\"async\" src=\"\/uploads\/FCK_files\/Sans%20titre-10.jpg\" alt=\"\" width=\"700\" vspace=\"5\" hspace=\"5\" height=\"408\" align=\"middle\"\/><\/p>\n<h2>Trois miracul\u00e9s<\/h2>\n<p>La fusillade avait fait une dizaine de morts du c\u00f4t\u00e9 tunisien. Trois personnes en sont sorties indemnes, le commandant Abdallah Abaab, le d\u00e9l\u00e9gu\u00e9 Laroussi Ben Brahim et moi-m\u00eame. Ce n\u2019\u00e9tait qu\u2019un incident parmi d\u2019autres : leur fr\u00e9quence explique les mesures de confinement prises \u00e0 l\u2019encontre des forces fran\u00e7aises, les barrages dress\u00e9s \u00e0 l\u2019entr\u00e9e des casernes et les sacrifices demand\u00e9s aux militants destouriens pour assi\u00e9ger les postes militaires et emp\u00eacher le libre mouvement des patrouilles.<\/p>\n<p>A l\u2019h\u00f4pital de B\u00e9ja o\u00f9 notre convoi s\u2019\u00e9tait rendu, le m\u00e9decin me rassurait: mon genou avait \u00e9t\u00e9 tout juste \u00e9rafl\u00e9. Khema\u00efs Hajeri en revanche avait re\u00e7u un \u00e9clat en pleine t\u00eate, il avait fallu l\u2019\u00e9vacuer sur Tunis et, plus tard, vers la Suisse.<\/p>\n<p class=\"c3\"><img loading=\"lazy\" decoding=\"async\" src=\"\/uploads\/FCK_files\/Sans%20titre-11.jpg\" alt=\"\" width=\"700\" vspace=\"5\" hspace=\"5\" height=\"521\" align=\"middle\"\/><\/p>\n<h2>\u00abTu as perdu une belle occasion de m\u00e9riter une oraison fun\u00e8bre par Si Bahi !\u00bb<\/h2>\n<p>C&rsquo;est N\u00e9jib Bouziri, chef du Cabinet du ministre des Affaires \u00e9trang\u00e8res, qui fut charg\u00e9 aussit\u00f4t de poursuivre le dossier. Je l\u2019accompagnais \u00e0 Gen\u00e8ve aupr\u00e8s du Haut Commissariat des Nations unies pour les r\u00e9fugi\u00e9s o\u00f9 notre d\u00e9marche aboutit \u00e0 l\u2019\u00e9tablissement d\u2019un programme d\u2019assistance internationale \u00e0 long terme au profit des r\u00e9fugi\u00e9s alg\u00e9riens. Je dois avouer que mon s\u00e9jour \u00e0 Gen\u00e8ve \u00e9tait vain, j\u2019\u00e9tais clou\u00e9 trois jours dans la chambre d\u2019h\u00f4tel, paralys\u00e9 par les s\u00e9quelles de ma blessure.<\/p>\n<p class=\"c3\"><img loading=\"lazy\" decoding=\"async\" src=\"\/uploads\/FCK_files\/Sans%20titre-12.jpg\" alt=\"\" width=\"700\" vspace=\"5\" hspace=\"5\" height=\"429\" align=\"middle\"\/><\/p>\n<p>Le jour de l\u2019incident, le Pr\u00e9sident Bourguiba en pr\u00e9sence de Bahi Ladgham me re\u00e7oit et me demande de lui en parler. Apr\u00e8s m\u2019avoir \u00e9cout\u00e9, il d\u00e9clare en essayant de d\u00e9tendre l\u2019atmosph\u00e8re: \u00abTu as perdu une belle occasion de m\u00e9riter une oraison fun\u00e8bre par Si Bahi !\u00bb<\/p>\n<p class=\"c4\"><strong>Lire aussi:<\/strong><\/p>\n<p class=\"c4\"><a href=\"https:\/\/www.leaders.com.tn\/article\/27617-en-un-temps-record-un-leaders-special-beji-caid-essebsi-en-160-pages-et-200-photos-et-documents\" target=\"_blank\" rel=\"noopener noreferrer\">En un temps record, un Leaders Sp\u00e9cial B\u00e9ji Ca\u00efd Essebsi, en 160 pages et 200 photos et documents<\/a><br \/><a href=\"https:\/\/www.leaders.com.tn\/article\/27622-taoufik-habaieb-la-revanche-posthume-de-beji-caid-essebsi-sur-nous-tous\" target=\"_blank\" rel=\"noopener noreferrer\">Taoufik Habaieb &#8211; La revanche posthume de B\u00e9ji Ca\u00efd Essebsi&#8230; sur nous tous<\/a><br \/><a href=\"https:\/\/www.leaders.com.tn\/article\/27616-ahmed-ounaies-les-trois-messages-de-beji-caid-essebsi\" target=\"_blank\" rel=\"noopener noreferrer\">Ahmed Ouna\u00efes: Les trois messages de B\u00e9ji Ca\u00efd Essebsi<\/a><\/p>\n<p class=\"c4\"><a href=\"https:\/\/www.leaders.com.tn\/article\/27645-exclusif-ses-derniers-jours-si-penibles\" target=\"_blank\" rel=\"noopener noreferrer\">Exclusif: Les derniers jours si p\u00e9nibles de B\u00e9ji Ca\u00efd Essebsi<\/a><\/p>\n<p class=\"c4\"><a href=\"https:\/\/www.leaders.com.tn\/article\/27644-beji-par-caid-essebsi-bce-au-miroir-de-son-propre-parcours\" target=\"_blank\" rel=\"noopener noreferrer\">B\u00e9ji par Ca\u00efd Essebsi: BCE au miroir de son propre parcours<\/a><\/p>\n<p class=\"c4\"><a href=\"https:\/\/www.leaders.com.tn\/article\/27640-saida-caid-essebsi-si-beji-un-mari-et-un-pere-exceptionnel-responsable\" target=\"_blank\" rel=\"noopener noreferrer\">Sa\u00efda Chedlia Ca\u00efd Essebsi: Si B\u00e9ji, un mari et un p\u00e8re exceptionnel (Photos)<\/a><\/p>\n<p class=\"c4\"><a href=\"https:\/\/www.leaders.com.tn\/article\/27637-khemais-jhinaoui-et-beji-caid-essebsi\" target=\"_blank\" rel=\"noopener noreferrer\">La diplomatie tunisienne rend ce jeudi un hommage solennel au pr\u00e9sident Ca\u00efd Essebsi<\/a><\/p>\n<p class=\"c4\"><a href=\"https:\/\/www.leaders.com.tn\/article\/27703-bonnes-feuillersd\" target=\"_blank\" rel=\"noopener noreferrer\">Ca\u00efd Essebsi: la premi\u00e8re fois o\u00f9 j&rsquo;ai vu Bourguiba<\/a><\/p>\n<p class=\"c4\"><a href=\"https:\/\/www.leaders.com.tn\/article\/27694-la-journee-de-bce\" target=\"_blank\" rel=\"noopener noreferrer\">Une journ\u00e9e ordinaire de BCE<\/a><\/p>\n<p class=\"c4\"><a href=\"https:\/\/www.leaders.com.tn\/article\/27670-arlette-chabot-ni-technocrate-ni-demagogue\" target=\"_blank\" rel=\"noopener noreferrer\">Arlette Chabot &#8211; B\u00e9ji Ca\u00efd Essebsi : ni technocrate ni d\u00e9magogue&#8230;<\/a><\/p>\n<p class=\"c4\"><a href=\"https:\/\/www.leaders.com.tn\/article\/27675-un-bon-eleve-nomme-beji-caid-eessebsi\" target=\"_blank\" rel=\"noopener noreferrer\">Un bon \u00e9l\u00e8ve nomm\u00e9 B\u00e9ji Ca\u00efd Essebsi<\/a><\/p>\n<p class=\"c4\">\u00a0<\/p>\n<p class=\"c3\"><a href=\"https:\/\/www.leaders.com.tn\/le_mensuel_abonnez_vous\" target=\"_blank\" rel=\"noopener noreferrer\"><img loading=\"lazy\" decoding=\"async\" src=\"\/uploads\/FCK_files\/Bondou(6).jpg\" alt=\"\" width=\"500\" vspace=\"5\" hspace=\"5\" height=\"128\" align=\"middle\"\/><\/a><\/p>\n<p>Auteur:<br \/>\n<a href=\"https:\/\/www.leaders.com.tn\/article\/27733-quand-beji-caid-essebsi-revient-sur-l-attaque-contre-sakiet-sidi-youssef-et-le-probleme-des-refugies\">Cliquez ici pour lire l&rsquo;article depuis sa source.<\/a><\/p>\n","protected":false},"excerpt":{"rendered":"<p>Paru en 2009, chez Sud Editions, le livre autobiographique \u00ab Bourguiba, le bon grain et l\u2019ivraie \u00bb de B\u00e9ji Ca\u00efd Essebsi, est un t\u00e9moignage de premier ordre qui nous renseigne autant sur l\u2019auteur que sur la p\u00e9riode qui a pr\u00e9c\u00e9d\u00e9 l\u2019ind\u00e9pendance et ses acteurs, notamment Bourguiba. Un personnage central par l\u2019ampleur de sa contribution autant [&hellip;]<\/p>\n","protected":false},"author":1772,"featured_media":51288,"comment_status":"closed","ping_status":"closed","sticky":false,"template":"","format":"standard","meta":{"fifu_image_url":"","fifu_image_alt":"","footnotes":""},"categories":[73,55],"tags":[],"class_list":["post-51287","post","type-post","status-publish","format-standard","has-post-thumbnail","hentry","category-actualite","category-tunisie"],"_links":{"self":[{"href":"https:\/\/linitiative.ca\/International\/wp-json\/wp\/v2\/posts\/51287","targetHints":{"allow":["GET"]}}],"collection":[{"href":"https:\/\/linitiative.ca\/International\/wp-json\/wp\/v2\/posts"}],"about":[{"href":"https:\/\/linitiative.ca\/International\/wp-json\/wp\/v2\/types\/post"}],"author":[{"embeddable":true,"href":"https:\/\/linitiative.ca\/International\/wp-json\/wp\/v2\/users\/1772"}],"replies":[{"embeddable":true,"href":"https:\/\/linitiative.ca\/International\/wp-json\/wp\/v2\/comments?post=51287"}],"version-history":[{"count":0,"href":"https:\/\/linitiative.ca\/International\/wp-json\/wp\/v2\/posts\/51287\/revisions"}],"wp:featuredmedia":[{"embeddable":true,"href":"https:\/\/linitiative.ca\/International\/wp-json\/"}],"wp:attachment":[{"href":"https:\/\/linitiative.ca\/International\/wp-json\/wp\/v2\/media?parent=51287"}],"wp:term":[{"taxonomy":"category","embeddable":true,"href":"https:\/\/linitiative.ca\/International\/wp-json\/wp\/v2\/categories?post=51287"},{"taxonomy":"post_tag","embeddable":true,"href":"https:\/\/linitiative.ca\/International\/wp-json\/wp\/v2\/tags?post=51287"}],"curies":[{"name":"wp","href":"https:\/\/api.w.org\/{rel}","templated":true}]}}