{"id":51292,"date":"2019-08-11T11:36:24","date_gmt":"2019-08-11T15:36:24","guid":{"rendered":"https:\/\/linitiative.ca\/International\/31-aout-2002-reforme-du-champ-audiovisuel\/"},"modified":"2019-08-11T11:36:24","modified_gmt":"2019-08-11T15:36:24","slug":"31-aout-2002-reforme-du-champ-audiovisuel","status":"publish","type":"post","link":"https:\/\/linitiative.ca\/International\/31-aout-2002-reforme-du-champ-audiovisuel\/","title":{"rendered":"31 ao\u00fbt 2002 : R\u00e9forme du champ audiovisuel"},"content":{"rendered":"<p>Coup d\u2019envoi de la <strong>r\u00e9forme<\/strong> du champ <strong>audiovisuel<\/strong> national. Elle d\u00e9bute en ao\u00fbt 2002, passant du coup du statut d\u2019ambition \u00e0 celui de projet, avec la publication du dahir instituant la Haute autorit\u00e9 de la communication audiovisuelle (<strong>HACA<\/strong>) et l\u2019abrogation par d\u00e9cision gouvernementale du monopole d\u00e9volu \u00e0 l\u2019Etat en mati\u00e8re de diffusion.<\/p>\n<div class=\"c10\"\/>\n<p><strong>Un Hors-s\u00e9rie exceptionnel du magazine Challenge \u00ab\u00a0Les 20 ans qui ont fond\u00e9 le Maroc de demain\u00a0\u00bb est en vente en kiosque.<\/strong><\/p>\n<p><img decoding=\"async\" src=\"https:\/\/www.challenge.ma\/wp-content\/uploads\/2019\/07\/Challenge-707-hors-serie-750x989-1.jpg\" alt=\"\" class=\"wp-image-114195\" srcset=\"https:\/\/www.challenge.ma\/wp-content\/uploads\/2019\/07\/Challenge-707-hors-serie-750x989-1.jpg 750w, https:\/\/www.challenge.ma\/wp-content\/uploads\/2019\/07\/Challenge-707-hors-serie-750x989-1-228x300.jpg 228w, https:\/\/www.challenge.ma\/wp-content\/uploads\/2019\/07\/Challenge-707-hors-serie-750x989-1-360x475.jpg 360w\" sizes=\"(max-width: 750px) 100vw, 750px\"\/><\/p>\n<div class=\"c17\">\n<fieldset class=\"c16\">\n<legend><strong><span class=\"c11\">Challenge<\/span><span class=\"c12\">news<\/span><\/strong><\/legend>\n<div class=\"c15\">Le meilleur de la r\u00e9daction s\u00e9lectionn\u00e9 par Challenge :<\/p>\n<\/div>\n<\/fieldset>\n<\/div>\n<p>Auteur: challenge<br \/>\n<a href=\"https:\/\/www.challenge.ma\/31-aout-2002-reforme-du-champ-audiovisuel-114563\/\">Cliquez ici pour lire l&rsquo;article depuis sa source.<\/a><\/p>\n","protected":false},"excerpt":{"rendered":"<p>Coup d\u2019envoi de la r\u00e9forme du champ audiovisuel national. Elle d\u00e9bute en ao\u00fbt 2002, passant du coup du statut d\u2019ambition \u00e0 celui de projet, avec la publication du dahir instituant la Haute autorit\u00e9 de la communication audiovisuelle (HACA) et l\u2019abrogation par d\u00e9cision gouvernementale du monopole d\u00e9volu \u00e0 l\u2019Etat en mati\u00e8re de diffusion. Un Hors-s\u00e9rie exceptionnel [&hellip;]<\/p>\n","protected":false},"author":1787,"featured_media":51293,"comment_status":"closed","ping_status":"closed","sticky":false,"template":"","format":"standard","meta":{"fifu_image_url":"","fifu_image_alt":"","footnotes":""},"categories":[78,54],"tags":[],"class_list":["post-51292","post","type-post","status-publish","format-standard","has-post-thumbnail","hentry","category-economie","category-maroc"],"_links":{"self":[{"href":"https:\/\/linitiative.ca\/International\/wp-json\/wp\/v2\/posts\/51292","targetHints":{"allow":["GET"]}}],"collection":[{"href":"https:\/\/linitiative.ca\/International\/wp-json\/wp\/v2\/posts"}],"about":[{"href":"https:\/\/linitiative.ca\/International\/wp-json\/wp\/v2\/types\/post"}],"author":[{"embeddable":true,"href":"https:\/\/linitiative.ca\/International\/wp-json\/wp\/v2\/users\/1787"}],"replies":[{"embeddable":true,"href":"https:\/\/linitiative.ca\/International\/wp-json\/wp\/v2\/comments?post=51292"}],"version-history":[{"count":0,"href":"https:\/\/linitiative.ca\/International\/wp-json\/wp\/v2\/posts\/51292\/revisions"}],"wp:featuredmedia":[{"embeddable":true,"href":"https:\/\/linitiative.ca\/International\/wp-json\/"}],"wp:attachment":[{"href":"https:\/\/linitiative.ca\/International\/wp-json\/wp\/v2\/media?parent=51292"}],"wp:term":[{"taxonomy":"category","embeddable":true,"href":"https:\/\/linitiative.ca\/International\/wp-json\/wp\/v2\/categories?post=51292"},{"taxonomy":"post_tag","embeddable":true,"href":"https:\/\/linitiative.ca\/International\/wp-json\/wp\/v2\/tags?post=51292"}],"curies":[{"name":"wp","href":"https:\/\/api.w.org\/{rel}","templated":true}]}}