{"id":51294,"date":"2019-08-11T10:35:49","date_gmt":"2019-08-11T14:35:49","guid":{"rendered":"https:\/\/linitiative.ca\/International\/mercato-une-pepite-franco-tunisienne-debarque-a-manchester-united\/"},"modified":"2019-08-11T10:35:49","modified_gmt":"2019-08-11T14:35:49","slug":"mercato-une-pepite-franco-tunisienne-debarque-a-manchester-united","status":"publish","type":"post","link":"https:\/\/linitiative.ca\/International\/mercato-une-pepite-franco-tunisienne-debarque-a-manchester-united\/","title":{"rendered":"Mercato : une p\u00e9pite franco-tunisienne d\u00e9barque \u00e0 Manchester United\u00a0"},"content":{"rendered":"<div class=\"post-cont-in left relative\">\n<div class=\"swp_social_panel swp_horizontal_panel swp_flat_fresh swp_default_full_color swp_individual_full_color swp_other_full_color scale-100 scale-\" data-min-width=\"1100\" data-float-color=\"#ffffff\" data-float=\"none\" data-float-mobile=\"none\" data-transition=\"slide\">\n<div class=\"nc_tweetContainer swp_share_button total_shares total_sharesalt\"><span class=\"swp_count\">2 <span class=\"swp_label\">Partages<\/span><\/span><\/div>\n<\/div>\n<p><span data-contrast=\"auto\">Compar\u00e9 \u00e0 Kylian\u00a0<\/span><span data-contrast=\"auto\">Mbapp\u00e9<\/span><span data-contrast=\"auto\">, le milieu de terrain franco-tunisien Hannibal\u00a0<\/span><span data-contrast=\"auto\">Mejbri<\/span><span data-contrast=\"auto\">\u00a0rentre dans la cour des grands. Manchester United a annonc\u00e9, ce mercredi, l\u2019arriv\u00e9e de la p\u00e9pite en Angleterre.<\/span><span data-ccp-props=\"{\"201341983\":0,\"335559739\":160,\"335559740\":259}\">\u00a0<\/span><\/p>\n<p><span data-contrast=\"auto\">Ag\u00e9 seulement de 16 ans, Hannibal\u00a0<\/span><span data-contrast=\"auto\">Mejbri<\/span><span data-contrast=\"auto\">\u00a0est convoit\u00e9 par plusieurs clubs. Entre autres le Bayern Munich, Arsenal et Lyon. Mais le jeune milieu a choisi les\u00a0<\/span><span data-contrast=\"auto\">Reds<\/span><span data-contrast=\"auto\">\u00a0<\/span><span data-contrast=\"auto\">Devils<\/span><span data-contrast=\"auto\">. Manchester United a d\u00fb d\u00e9penser 10 millions d\u2019euros (5M\u20ac \u00e0 la signature, plus 5 en bonus) pour s\u2019offrir l\u2019ancien mon\u00e9gasque. Il ne pourra jouer avec l\u2019\u00e9quipe qu\u2019\u00e0 partir 21 janvier 2020, date de sa majorit\u00e9.<\/span><span data-ccp-props=\"{\"201341983\":0,\"335559739\":160,\"335559740\":259}\">\u00a0<\/span><\/p>\n<div class=\"code-block code-block-1 c3\"><ins class=\"adsbygoogle c2\" data-ad-layout=\"in-article\" data-ad-format=\"fluid\" data-ad-client=\"ca-pub-2102118777505746\" data-ad-slot=\"7301775417\"\/> <\/div>\n<p><span data-contrast=\"auto\">S\u00e9duit par la qualit\u00e9 de Hannibal\u00a0<\/span><span data-contrast=\"auto\">Mejbri<\/span><span data-contrast=\"auto\">, Manchester United avait fait une premi\u00e8re offre de 4 millions d\u2019euros refus\u00e9e par Monaco. Ce qui a \u00e9t\u00e9 \u00e0 l\u2019origine d\u2019une longue bataille juridique entre le club du rocher et la famille du joueur. Du coup, en juin dernier, les parents de Hannibal\u00a0<\/span><span data-contrast=\"auto\">Mejbri<\/span><span data-contrast=\"auto\">\u00a0ont r\u00e9sili\u00e9 unilat\u00e9ralement le contrat du joueur. Quelques mois apr\u00e8s, ils ont eu gain de cause, avec la signature de leur enfant \u00e0 Manchester United.<\/span><span data-ccp-props=\"{\"201341983\":0,\"335559739\":160,\"335559740\":259}\">\u00a0<\/span><\/p>\n<p><span data-contrast=\"auto\">Actuellement Hannibal\u00a0<\/span><span data-contrast=\"auto\">Mejbri<\/span><span data-contrast=\"auto\">\u00a0joue en \u00e9quipe de France U16 et compte 12 s\u00e9lections. Une perle rare qui pourrait \u00e9chapper \u00e0 la Tunisie. Alors la presse locale tire d\u00e9j\u00e0 la sonnette d\u2019alarme pour que les dirigeants fassent d\u2019ores et d\u00e9j\u00e0 le pas.<\/span><span data-ccp-props=\"{\"201341983\":0,\"335559739\":160,\"335559740\":259}\">\u00a0<\/span><\/p>\n<div class=\"mvp-org-wrap mvp-org-logo\" itemprop=\"publisher\" itemscope=\"\" itemtype=\"https:\/\/schema.org\/Organization\"><img decoding=\"async\" src=\"https:\/\/www.tunisienumerique.com\/wp-content\/uploads\/2017\/02\/logo_tunisie_numerique.png\"\/><\/div>\n<div class=\"post-tags\"><span class=\"post-tags-header\">Sujets Connexes:<\/span><\/div>\n<div class=\"swp_social_panel swp_horizontal_panel swp_flat_fresh swp_default_full_color swp_individual_full_color swp_other_full_color scale-100 scale-\" data-min-width=\"1100\" data-float-color=\"#ffffff\" data-float=\"none\" data-float-mobile=\"none\" data-transition=\"slide\">\n<div class=\"nc_tweetContainer swp_share_button total_shares total_sharesalt\"><span class=\"swp_count\">2 <span class=\"swp_label\">Partages<\/span><\/span><\/div>\n<\/div>\n<\/div>\n<p>Auteur: a.<br \/>\n<a href=\"https:\/\/www.tunisienumerique.com\/mercato-pepite-franco-tunisienne-debarque-a-manchester-united\/\">Cliquez ici pour lire l&rsquo;article depuis sa source.<\/a><\/p>\n","protected":false},"excerpt":{"rendered":"<p>2 Partages Compar\u00e9 \u00e0 Kylian\u00a0Mbapp\u00e9, le milieu de terrain franco-tunisien Hannibal\u00a0Mejbri\u00a0rentre dans la cour des grands. Manchester United a annonc\u00e9, ce mercredi, l\u2019arriv\u00e9e de la p\u00e9pite en Angleterre.\u00a0 Ag\u00e9 seulement de 16 ans, Hannibal\u00a0Mejbri\u00a0est convoit\u00e9 par plusieurs clubs. Entre autres le Bayern Munich, Arsenal et Lyon. Mais le jeune milieu a choisi les\u00a0Reds\u00a0Devils. Manchester United [&hellip;]<\/p>\n","protected":false},"author":1789,"featured_media":51295,"comment_status":"closed","ping_status":"closed","sticky":false,"template":"","format":"standard","meta":{"fifu_image_url":"","fifu_image_alt":"","footnotes":""},"categories":[73,55],"tags":[],"class_list":["post-51294","post","type-post","status-publish","format-standard","has-post-thumbnail","hentry","category-actualite","category-tunisie"],"_links":{"self":[{"href":"https:\/\/linitiative.ca\/International\/wp-json\/wp\/v2\/posts\/51294","targetHints":{"allow":["GET"]}}],"collection":[{"href":"https:\/\/linitiative.ca\/International\/wp-json\/wp\/v2\/posts"}],"about":[{"href":"https:\/\/linitiative.ca\/International\/wp-json\/wp\/v2\/types\/post"}],"author":[{"embeddable":true,"href":"https:\/\/linitiative.ca\/International\/wp-json\/wp\/v2\/users\/1789"}],"replies":[{"embeddable":true,"href":"https:\/\/linitiative.ca\/International\/wp-json\/wp\/v2\/comments?post=51294"}],"version-history":[{"count":0,"href":"https:\/\/linitiative.ca\/International\/wp-json\/wp\/v2\/posts\/51294\/revisions"}],"wp:featuredmedia":[{"embeddable":true,"href":"https:\/\/linitiative.ca\/International\/wp-json\/"}],"wp:attachment":[{"href":"https:\/\/linitiative.ca\/International\/wp-json\/wp\/v2\/media?parent=51294"}],"wp:term":[{"taxonomy":"category","embeddable":true,"href":"https:\/\/linitiative.ca\/International\/wp-json\/wp\/v2\/categories?post=51294"},{"taxonomy":"post_tag","embeddable":true,"href":"https:\/\/linitiative.ca\/International\/wp-json\/wp\/v2\/tags?post=51294"}],"curies":[{"name":"wp","href":"https:\/\/api.w.org\/{rel}","templated":true}]}}