{"id":51296,"date":"2019-08-11T12:45:57","date_gmt":"2019-08-11T16:45:57","guid":{"rendered":"https:\/\/linitiative.ca\/International\/tunisie-le-kram-un-pere-tue-un-de-ses-deux-fils-apres-une-disputes-entre-eux\/"},"modified":"2019-08-11T12:45:57","modified_gmt":"2019-08-11T16:45:57","slug":"tunisie-le-kram-un-pere-tue-un-de-ses-deux-fils-apres-une-disputes-entre-eux","status":"publish","type":"post","link":"https:\/\/linitiative.ca\/International\/tunisie-le-kram-un-pere-tue-un-de-ses-deux-fils-apres-une-disputes-entre-eux\/","title":{"rendered":"Tunisie \u2013 Le Kram\u00a0: Un p\u00e8re tue un de ses deux fils apr\u00e8s une disputes entre eux"},"content":{"rendered":"<div class=\"post-cont-in left relative\">\n<div class=\"swp_social_panel swp_horizontal_panel swp_flat_fresh swp_default_full_color swp_individual_full_color swp_other_full_color scale-100 scale-\" data-min-width=\"1100\" data-float-color=\"#ffffff\" data-float=\"none\" data-float-mobile=\"none\" data-transition=\"slide\">\n<div class=\"nc_tweetContainer swp_share_button total_shares total_sharesalt\"><span class=\"swp_count\">38 <span class=\"swp_label\">Partages<\/span><\/span><\/div>\n<\/div>\n<p>La vielle de l\u2019A\u00efd, le Kram dans la banlieue nord de Tunis, a \u00e9t\u00e9 secou\u00e9e par une affaire d\u2019assassinat hors normes. En effet, suite \u00e0 une dispute entre deux fr\u00e8res, lors d\u2019une beuverie, le p\u00e8re a ass\u00e9n\u00e9 un coup de couteau \u00e0 l\u2019un de ses fils, le tuant sur le coup. Sachant que ce fils venait de sortir de prison, il y a\u00a0\u00e0 peine sept jours.<\/p>\n<div class=\"mvp-org-wrap mvp-org-logo\" itemprop=\"publisher\" itemscope=\"\" itemtype=\"https:\/\/schema.org\/Organization\"><img decoding=\"async\" src=\"https:\/\/www.tunisienumerique.com\/wp-content\/uploads\/2017\/02\/logo_tunisie_numerique.png\"\/><\/div>\n<div class=\"swp_social_panel swp_horizontal_panel swp_flat_fresh swp_default_full_color swp_individual_full_color swp_other_full_color scale-100 scale-\" data-min-width=\"1100\" data-float-color=\"#ffffff\" data-float=\"none\" data-float-mobile=\"none\" data-transition=\"slide\">\n<div class=\"nc_tweetContainer swp_share_button total_shares total_sharesalt\"><span class=\"swp_count\">38 <span class=\"swp_label\">Partages<\/span><\/span><\/div>\n<\/div>\n<div class=\"mvp-related-posts left relative\">\n<h4 class=\"post-header\"><span class=\"post-header\">Lire aussi<\/span><\/h4>\n<\/div>\n<\/div>\n<p>Auteur: LM<br \/>\n<a href=\"https:\/\/www.tunisienumerique.com\/tunisie-le-kram-un-pere-tue-un-de-ses-deux-fils-apres-une-disputes-entre-eux\/\">Cliquez ici pour lire l&rsquo;article depuis sa source.<\/a><\/p>\n","protected":false},"excerpt":{"rendered":"<p>38 Partages La vielle de l\u2019A\u00efd, le Kram dans la banlieue nord de Tunis, a \u00e9t\u00e9 secou\u00e9e par une affaire d\u2019assassinat hors normes. En effet, suite \u00e0 une dispute entre deux fr\u00e8res, lors d\u2019une beuverie, le p\u00e8re a ass\u00e9n\u00e9 un coup de couteau \u00e0 l\u2019un de ses fils, le tuant sur le coup. Sachant que [&hellip;]<\/p>\n","protected":false},"author":1789,"featured_media":51297,"comment_status":"closed","ping_status":"closed","sticky":false,"template":"","format":"standard","meta":{"fifu_image_url":"","fifu_image_alt":"","footnotes":""},"categories":[73,55],"tags":[],"class_list":["post-51296","post","type-post","status-publish","format-standard","has-post-thumbnail","hentry","category-actualite","category-tunisie"],"_links":{"self":[{"href":"https:\/\/linitiative.ca\/International\/wp-json\/wp\/v2\/posts\/51296","targetHints":{"allow":["GET"]}}],"collection":[{"href":"https:\/\/linitiative.ca\/International\/wp-json\/wp\/v2\/posts"}],"about":[{"href":"https:\/\/linitiative.ca\/International\/wp-json\/wp\/v2\/types\/post"}],"author":[{"embeddable":true,"href":"https:\/\/linitiative.ca\/International\/wp-json\/wp\/v2\/users\/1789"}],"replies":[{"embeddable":true,"href":"https:\/\/linitiative.ca\/International\/wp-json\/wp\/v2\/comments?post=51296"}],"version-history":[{"count":0,"href":"https:\/\/linitiative.ca\/International\/wp-json\/wp\/v2\/posts\/51296\/revisions"}],"wp:featuredmedia":[{"embeddable":true,"href":"https:\/\/linitiative.ca\/International\/wp-json\/"}],"wp:attachment":[{"href":"https:\/\/linitiative.ca\/International\/wp-json\/wp\/v2\/media?parent=51296"}],"wp:term":[{"taxonomy":"category","embeddable":true,"href":"https:\/\/linitiative.ca\/International\/wp-json\/wp\/v2\/categories?post=51296"},{"taxonomy":"post_tag","embeddable":true,"href":"https:\/\/linitiative.ca\/International\/wp-json\/wp\/v2\/tags?post=51296"}],"curies":[{"name":"wp","href":"https:\/\/api.w.org\/{rel}","templated":true}]}}