{"id":51298,"date":"2019-08-11T13:31:44","date_gmt":"2019-08-11T17:31:44","guid":{"rendered":"https:\/\/linitiative.ca\/International\/coupe-de-la-caf-lus-ben-guerdane-demarre-fort\/"},"modified":"2019-08-11T13:31:44","modified_gmt":"2019-08-11T17:31:44","slug":"coupe-de-la-caf-lus-ben-guerdane-demarre-fort","status":"publish","type":"post","link":"https:\/\/linitiative.ca\/International\/coupe-de-la-caf-lus-ben-guerdane-demarre-fort\/","title":{"rendered":"Coupe de la CAF : l\u2019US Ben\u00a0Guerdane\u00a0d\u00e9marre fort\u00a0"},"content":{"rendered":"<div class=\"nc_socialPanel swp_flatFresh swp_d_fullColor swp_i_fullColor swp_o_fullColor scale-100 scale-fullWidth\" data-position=\"none\" data-float=\"floatNone\" data-count=\"5\" data-floatcolor=\"#ffffff\" data-emphasize=\"0\">\n<div class=\"nc_tweetContainer totes totesalt\" data-id=\"6\"><span class=\"swp_count\"><span class=\"swp_label\">Partages<\/span> 0<\/span><\/div>\n<\/div>\n<p><span data-contrast=\"auto\">L\u2019Union Sportive de Ben\u00a0<\/span><span data-contrast=\"auto\">Guerdane<\/span><span data-contrast=\"auto\">\u00a0a bien entam\u00e9 sa participation \u00e0 la Coupe de la CAF en \u00e9crasant les Sud-Soudanais\u00a0<\/span><span data-contrast=\"auto\">de l\u2019<\/span><span data-contrast=\"auto\">Amarat<\/span><span data-contrast=\"auto\">\u00a0United (5-1) dans le cadre\u00a0du tour pr\u00e9liminaire aller de la comp\u00e9tition.<\/span><span data-ccp-props=\"{\"201341983\":0,\"335559739\":160,\"335559740\":259}\">\u00a0<\/span><\/p>\n<p><span data-contrast=\"auto\">Sur la pelouse du stade olympique d\u2019El\u00a0<\/span><span data-contrast=\"auto\">Menzah<\/span><span data-contrast=\"auto\">, les Br\u00e9siliens de l\u2019US Ben\u00a0<\/span><span data-contrast=\"auto\">Guerdane<\/span><span data-contrast=\"auto\">\u00a0se sont montr\u00e9s diablement efficaces.<\/span><span data-ccp-props=\"{\"201341983\":0,\"335559739\":160,\"335559740\":259}\">\u00a0<\/span><\/p>\n<div class=\"code-block code-block-1 c4\"><ins class=\"adsbygoogle c3\" data-ad-layout=\"in-article\" data-ad-format=\"fluid\" data-ad-client=\"ca-pub-2102118777505746\" data-ad-slot=\"7301775417\"\/> <\/div>\n<p><span data-contrast=\"auto\">D\u00e8s la premi\u00e8re minute de la rencontre, Zouhaier Attia a ouvert la marque en profitant d\u2019une passe en retrait \u00e9labor\u00e9e par le Br\u00e9silien Dos Santos avant que ce dernier redouble la marque \u00e0 la 13\u00e8me minute de la m\u00eame mani\u00e8re gr\u00e2ce \u00e0 une passe de son compatriote Gill Bahia.<\/span><span data-ccp-props=\"{\"201341983\":0,\"335559739\":160,\"335559740\":259}\">\u00a0<\/span><\/p>\n<p><span data-contrast=\"auto\">En deuxi\u00e8me p\u00e9riode, Dos Santos a sign\u00e9 son premier doubl\u00e9 \u00e0 la 48\u00e8me minute avant la r\u00e9duction du score de la part des visiteurs \u00e0 la 57\u00e8me minute. L\u2019autre joueur br\u00e9silien\u00a0<\/span><span data-contrast=\"auto\">Ricardo Alves Pereira a inscrit pour sa part un doubl\u00e9 \u00e0 la 79\u00e8me et 81\u00e8me minutes.<\/span><span data-ccp-props=\"{\"201341983\":0,\"335559739\":160,\"335559740\":259}\">\u00a0<\/span><\/p>\n<div class=\"mvp-org-wrap mvp-org-logo\" itemprop=\"publisher\" itemscope=\"\" itemtype=\"https:\/\/schema.org\/Organization\"><img decoding=\"async\" src=\"https:\/\/sport.tunisienumerique.com\/wp-content\/uploads\/2017\/05\/logo_tunisie_numerique.png\"\/><\/div>\n<div class=\"nc_socialPanel swp_flatFresh swp_d_fullColor swp_i_fullColor swp_o_fullColor scale-100 scale-fullWidth\" data-position=\"none\" data-float=\"floatNone\" data-count=\"5\" data-floatcolor=\"#ffffff\" data-emphasize=\"0\">\n<div class=\"nc_tweetContainer totes totesalt\" data-id=\"6\"><span class=\"swp_count\"><span class=\"swp_label\">Partages<\/span> 0<\/span><\/div>\n<\/div>\n<div class=\"mvp-related-posts left relative\">\n<h4 class=\"post-header\"><span class=\"post-header\">Lire aussi<\/span><\/h4>\n<\/div>\n<p>Auteur: a.<br \/>\n<a href=\"https:\/\/sport.tunisienumerique.com\/coupe-de-caf-lus-ben-guerdane-demarre-fort\/\">Cliquez ici pour lire l&rsquo;article depuis sa source.<\/a><\/p>\n","protected":false},"excerpt":{"rendered":"<p>Partages 0 L\u2019Union Sportive de Ben\u00a0Guerdane\u00a0a bien entam\u00e9 sa participation \u00e0 la Coupe de la CAF en \u00e9crasant les Sud-Soudanais\u00a0de l\u2019Amarat\u00a0United (5-1) dans le cadre\u00a0du tour pr\u00e9liminaire aller de la comp\u00e9tition.\u00a0 Sur la pelouse du stade olympique d\u2019El\u00a0Menzah, les Br\u00e9siliens de l\u2019US Ben\u00a0Guerdane\u00a0se sont montr\u00e9s diablement efficaces.\u00a0 D\u00e8s la premi\u00e8re minute de la rencontre, Zouhaier [&hellip;]<\/p>\n","protected":false},"author":1789,"featured_media":51299,"comment_status":"closed","ping_status":"closed","sticky":false,"template":"","format":"standard","meta":{"fifu_image_url":"","fifu_image_alt":"","footnotes":""},"categories":[73,55],"tags":[],"class_list":["post-51298","post","type-post","status-publish","format-standard","has-post-thumbnail","hentry","category-actualite","category-tunisie"],"_links":{"self":[{"href":"https:\/\/linitiative.ca\/International\/wp-json\/wp\/v2\/posts\/51298","targetHints":{"allow":["GET"]}}],"collection":[{"href":"https:\/\/linitiative.ca\/International\/wp-json\/wp\/v2\/posts"}],"about":[{"href":"https:\/\/linitiative.ca\/International\/wp-json\/wp\/v2\/types\/post"}],"author":[{"embeddable":true,"href":"https:\/\/linitiative.ca\/International\/wp-json\/wp\/v2\/users\/1789"}],"replies":[{"embeddable":true,"href":"https:\/\/linitiative.ca\/International\/wp-json\/wp\/v2\/comments?post=51298"}],"version-history":[{"count":0,"href":"https:\/\/linitiative.ca\/International\/wp-json\/wp\/v2\/posts\/51298\/revisions"}],"wp:featuredmedia":[{"embeddable":true,"href":"https:\/\/linitiative.ca\/International\/wp-json\/"}],"wp:attachment":[{"href":"https:\/\/linitiative.ca\/International\/wp-json\/wp\/v2\/media?parent=51298"}],"wp:term":[{"taxonomy":"category","embeddable":true,"href":"https:\/\/linitiative.ca\/International\/wp-json\/wp\/v2\/categories?post=51298"},{"taxonomy":"post_tag","embeddable":true,"href":"https:\/\/linitiative.ca\/International\/wp-json\/wp\/v2\/tags?post=51298"}],"curies":[{"name":"wp","href":"https:\/\/api.w.org\/{rel}","templated":true}]}}