{"id":51300,"date":"2019-08-11T14:02:18","date_gmt":"2019-08-11T18:02:18","guid":{"rendered":"https:\/\/linitiative.ca\/International\/ligue-des-champions-letoile-du-sahel-renversee-par-hafia-conakry\/"},"modified":"2019-08-11T14:02:18","modified_gmt":"2019-08-11T18:02:18","slug":"ligue-des-champions-letoile-du-sahel-renversee-par-hafia-conakry","status":"publish","type":"post","link":"https:\/\/linitiative.ca\/International\/ligue-des-champions-letoile-du-sahel-renversee-par-hafia-conakry\/","title":{"rendered":"Ligue des Champions : l\u2019Etoile du Sahel renvers\u00e9e par\u00a0Hafia\u00a0Conakry\u00a0"},"content":{"rendered":"<div class=\"nc_socialPanel swp_flatFresh swp_d_fullColor swp_i_fullColor swp_o_fullColor scale-100 scale-fullWidth\" data-position=\"none\" data-float=\"floatNone\" data-count=\"5\" data-floatcolor=\"#ffffff\" data-emphasize=\"0\">\n<div class=\"nc_tweetContainer totes totesalt\" data-id=\"6\"><span class=\"swp_count\"><span class=\"swp_label\">Partages<\/span> 0<\/span><\/div>\n<\/div>\n<p><span data-contrast=\"auto\">En d\u00e9placement en Guin\u00e9e, l\u2019Etoile Sportive du Sahel s\u2019est inclin\u00e9e face \u00e0\u00a0<\/span><span data-contrast=\"auto\">Hafia<\/span><span data-contrast=\"auto\">\u00a0Conakry (2-1)<\/span><span data-contrast=\"auto\">\u00a0pour le compte du tour pr\u00e9liminaire de la<\/span><span data-contrast=\"auto\">\u00a0Ligue des Champions d\u2019Afrique.<\/span><span data-ccp-props=\"{\"201341983\":0,\"335559739\":160,\"335559740\":259}\">\u00a0<\/span><\/p>\n<p><span data-contrast=\"auto\">En effectif r\u00e9duit, les Etoil\u00e9s ont rapidement trouv\u00e9 le chemin des\u00a0<\/span><span data-contrast=\"auto\">filets<\/span><span data-contrast=\"auto\">\u00a0d\u00e8s la deuxi\u00e8me minute par l\u2019attaquant alg\u00e9rien Karim\u00a0<\/span><span data-contrast=\"auto\">Aribi<\/span><span data-contrast=\"auto\">\u00a0avant l\u2019\u00e9galisation des locaux \u00e0 la 10\u00e8me minute.<\/span><span data-ccp-props=\"{\"201341983\":0,\"335559739\":160,\"335559740\":259}\">\u00a0<\/span><\/p>\n<div class=\"code-block code-block-1 c4\"><ins class=\"adsbygoogle c3\" data-ad-layout=\"in-article\" data-ad-format=\"fluid\" data-ad-client=\"ca-pub-2102118777505746\" data-ad-slot=\"7301775417\"\/> <\/div>\n<p><span data-contrast=\"auto\">Dans le temps additionnel, les\u00a0<\/span><span data-contrast=\"auto\">Guin\u00e9es<\/span><span data-contrast=\"auto\">\u00a0ont redoubl\u00e9 la marque.<\/span><span data-ccp-props=\"{\"201341983\":0,\"335559739\":160,\"335559740\":259}\">\u00a0<\/span><\/p>\n<div class=\"mvp-org-wrap mvp-org-logo\" itemprop=\"publisher\" itemscope=\"\" itemtype=\"https:\/\/schema.org\/Organization\"><img decoding=\"async\" src=\"https:\/\/sport.tunisienumerique.com\/wp-content\/uploads\/2017\/05\/logo_tunisie_numerique.png\"\/><\/div>\n<div class=\"nc_socialPanel swp_flatFresh swp_d_fullColor swp_i_fullColor swp_o_fullColor scale-100 scale-fullWidth\" data-position=\"none\" data-float=\"floatNone\" data-count=\"5\" data-floatcolor=\"#ffffff\" data-emphasize=\"0\">\n<div class=\"nc_tweetContainer totes totesalt\" data-id=\"6\"><span class=\"swp_count\"><span class=\"swp_label\">Partages<\/span> 0<\/span><\/div>\n<\/div>\n<div class=\"mvp-related-posts left relative\">\n<h4 class=\"post-header\"><span class=\"post-header\">Lire aussi<\/span><\/h4>\n<\/div>\n<p>Auteur: a.<br \/>\n<a href=\"https:\/\/sport.tunisienumerique.com\/ligue-champions-letoile-sahel-renversee-hafia-conakry\/\">Cliquez ici pour lire l&rsquo;article depuis sa source.<\/a><\/p>\n","protected":false},"excerpt":{"rendered":"<p>Partages 0 En d\u00e9placement en Guin\u00e9e, l\u2019Etoile Sportive du Sahel s\u2019est inclin\u00e9e face \u00e0\u00a0Hafia\u00a0Conakry (2-1)\u00a0pour le compte du tour pr\u00e9liminaire de la\u00a0Ligue des Champions d\u2019Afrique.\u00a0 En effectif r\u00e9duit, les Etoil\u00e9s ont rapidement trouv\u00e9 le chemin des\u00a0filets\u00a0d\u00e8s la deuxi\u00e8me minute par l\u2019attaquant alg\u00e9rien Karim\u00a0Aribi\u00a0avant l\u2019\u00e9galisation des locaux \u00e0 la 10\u00e8me minute.\u00a0 Dans le temps additionnel, les\u00a0Guin\u00e9es\u00a0ont [&hellip;]<\/p>\n","protected":false},"author":1789,"featured_media":51301,"comment_status":"closed","ping_status":"closed","sticky":false,"template":"","format":"standard","meta":{"fifu_image_url":"","fifu_image_alt":"","footnotes":""},"categories":[73,55],"tags":[],"class_list":["post-51300","post","type-post","status-publish","format-standard","has-post-thumbnail","hentry","category-actualite","category-tunisie"],"_links":{"self":[{"href":"https:\/\/linitiative.ca\/International\/wp-json\/wp\/v2\/posts\/51300","targetHints":{"allow":["GET"]}}],"collection":[{"href":"https:\/\/linitiative.ca\/International\/wp-json\/wp\/v2\/posts"}],"about":[{"href":"https:\/\/linitiative.ca\/International\/wp-json\/wp\/v2\/types\/post"}],"author":[{"embeddable":true,"href":"https:\/\/linitiative.ca\/International\/wp-json\/wp\/v2\/users\/1789"}],"replies":[{"embeddable":true,"href":"https:\/\/linitiative.ca\/International\/wp-json\/wp\/v2\/comments?post=51300"}],"version-history":[{"count":0,"href":"https:\/\/linitiative.ca\/International\/wp-json\/wp\/v2\/posts\/51300\/revisions"}],"wp:featuredmedia":[{"embeddable":true,"href":"https:\/\/linitiative.ca\/International\/wp-json\/"}],"wp:attachment":[{"href":"https:\/\/linitiative.ca\/International\/wp-json\/wp\/v2\/media?parent=51300"}],"wp:term":[{"taxonomy":"category","embeddable":true,"href":"https:\/\/linitiative.ca\/International\/wp-json\/wp\/v2\/categories?post=51300"},{"taxonomy":"post_tag","embeddable":true,"href":"https:\/\/linitiative.ca\/International\/wp-json\/wp\/v2\/tags?post=51300"}],"curies":[{"name":"wp","href":"https:\/\/api.w.org\/{rel}","templated":true}]}}