{"id":51306,"date":"2019-08-11T15:40:03","date_gmt":"2019-08-11T19:40:03","guid":{"rendered":"https:\/\/linitiative.ca\/International\/tunisie-kasserine-un-enfant-de-15-ans-simmole-par-le-feu-parce-que-sa-famille-na-pas-achete-de-mouton\/"},"modified":"2019-08-11T15:40:03","modified_gmt":"2019-08-11T19:40:03","slug":"tunisie-kasserine-un-enfant-de-15-ans-simmole-par-le-feu-parce-que-sa-famille-na-pas-achete-de-mouton","status":"publish","type":"post","link":"https:\/\/linitiative.ca\/International\/tunisie-kasserine-un-enfant-de-15-ans-simmole-par-le-feu-parce-que-sa-famille-na-pas-achete-de-mouton\/","title":{"rendered":"Tunisie \u2013 Kasserine\u00a0: Un enfant de 15 ans s\u2019immole par le feu parce que sa famille n\u2019a pas achet\u00e9 de mouton"},"content":{"rendered":"<div class=\"post-cont-in left relative\">\n<div class=\"swp_social_panel swp_horizontal_panel swp_flat_fresh swp_default_full_color swp_individual_full_color swp_other_full_color scale-100 scale-\" data-min-width=\"1100\" data-float-color=\"#ffffff\" data-float=\"none\" data-float-mobile=\"none\" data-transition=\"slide\">\n<div class=\"nc_tweetContainer swp_share_button total_shares total_sharesalt\"><span class=\"swp_count\">174 <span class=\"swp_label\">Partages<\/span><\/span><\/div>\n<\/div>\n<p>Un enfant de 15 ans s\u2019est immol\u00e9, samedi, par le feu, parce que sa famille n\u2019a pas eu les moyens d\u2019acheter le mouton de l\u2019A\u00efd.<\/p>\n<p>L\u2019enfant est issue d\u2019une famille modeste qui manquerait de beaucoup de choses, selon les proches.<\/p>\n<div class=\"code-block code-block-1 c3\"><ins class=\"adsbygoogle c2\" data-ad-layout=\"in-article\" data-ad-format=\"fluid\" data-ad-client=\"ca-pub-2102118777505746\" data-ad-slot=\"7301775417\"\/> <\/div>\n<p>Il est\u00a0actuellement, en r\u00e9animation, dans un \u00e9tat critique, en attendant son \u00e9ventuel transfert au centre des grands br\u00fbl\u00e9s de Ben Arous.<\/p>\n<div class=\"mvp-org-wrap mvp-org-logo\" itemprop=\"publisher\" itemscope=\"\" itemtype=\"https:\/\/schema.org\/Organization\"><img decoding=\"async\" src=\"https:\/\/www.tunisienumerique.com\/wp-content\/uploads\/2017\/02\/logo_tunisie_numerique.png\"\/><\/div>\n<div class=\"swp_social_panel swp_horizontal_panel swp_flat_fresh swp_default_full_color swp_individual_full_color swp_other_full_color scale-100 scale-\" data-min-width=\"1100\" data-float-color=\"#ffffff\" data-float=\"none\" data-float-mobile=\"none\" data-transition=\"slide\">\n<div class=\"nc_tweetContainer swp_share_button total_shares total_sharesalt\"><span class=\"swp_count\">174 <span class=\"swp_label\">Partages<\/span><\/span><\/div>\n<\/div>\n<div class=\"mvp-related-posts left relative\">\n<h4 class=\"post-header\"><span class=\"post-header\">Lire aussi<\/span><\/h4>\n<\/div>\n<\/div>\n<p>Auteur: LM<br \/>\n<a href=\"https:\/\/www.tunisienumerique.com\/tunisie-kasserine-un-enfant-de-15-ans-simmole-par-le-feu-parce-que-sa-famille-na-pas-achete-de-mouton\/\">Cliquez ici pour lire l&rsquo;article depuis sa source.<\/a><\/p>\n","protected":false},"excerpt":{"rendered":"<p>174 Partages Un enfant de 15 ans s\u2019est immol\u00e9, samedi, par le feu, parce que sa famille n\u2019a pas eu les moyens d\u2019acheter le mouton de l\u2019A\u00efd. L\u2019enfant est issue d\u2019une famille modeste qui manquerait de beaucoup de choses, selon les proches. Il est\u00a0actuellement, en r\u00e9animation, dans un \u00e9tat critique, en attendant son \u00e9ventuel transfert [&hellip;]<\/p>\n","protected":false},"author":1789,"featured_media":51307,"comment_status":"closed","ping_status":"closed","sticky":false,"template":"","format":"standard","meta":{"fifu_image_url":"","fifu_image_alt":"","footnotes":""},"categories":[73,55],"tags":[],"class_list":["post-51306","post","type-post","status-publish","format-standard","has-post-thumbnail","hentry","category-actualite","category-tunisie"],"_links":{"self":[{"href":"https:\/\/linitiative.ca\/International\/wp-json\/wp\/v2\/posts\/51306","targetHints":{"allow":["GET"]}}],"collection":[{"href":"https:\/\/linitiative.ca\/International\/wp-json\/wp\/v2\/posts"}],"about":[{"href":"https:\/\/linitiative.ca\/International\/wp-json\/wp\/v2\/types\/post"}],"author":[{"embeddable":true,"href":"https:\/\/linitiative.ca\/International\/wp-json\/wp\/v2\/users\/1789"}],"replies":[{"embeddable":true,"href":"https:\/\/linitiative.ca\/International\/wp-json\/wp\/v2\/comments?post=51306"}],"version-history":[{"count":0,"href":"https:\/\/linitiative.ca\/International\/wp-json\/wp\/v2\/posts\/51306\/revisions"}],"wp:featuredmedia":[{"embeddable":true,"href":"https:\/\/linitiative.ca\/International\/wp-json\/"}],"wp:attachment":[{"href":"https:\/\/linitiative.ca\/International\/wp-json\/wp\/v2\/media?parent=51306"}],"wp:term":[{"taxonomy":"category","embeddable":true,"href":"https:\/\/linitiative.ca\/International\/wp-json\/wp\/v2\/categories?post=51306"},{"taxonomy":"post_tag","embeddable":true,"href":"https:\/\/linitiative.ca\/International\/wp-json\/wp\/v2\/tags?post=51306"}],"curies":[{"name":"wp","href":"https:\/\/api.w.org\/{rel}","templated":true}]}}