{"id":51314,"date":"2019-08-11T08:55:52","date_gmt":"2019-08-11T12:55:52","guid":{"rendered":"https:\/\/linitiative.ca\/International\/tabaski-message-du-president-du-faso\/"},"modified":"2019-08-11T08:55:52","modified_gmt":"2019-08-11T12:55:52","slug":"tabaski-message-du-president-du-faso","status":"publish","type":"post","link":"https:\/\/linitiative.ca\/International\/tabaski-message-du-president-du-faso\/","title":{"rendered":"Tabaski: message du pr\u00e9sident du Faso"},"content":{"rendered":"<div class=\"td-post-featured-image\"><a href=\"https:\/\/i1.wp.com\/www.sidwaya.info\/wp-content\/uploads\/2019\/08\/tabaski.jpg?fit=600%2C385&#038;ssl=1\" data-caption=\"\"><img loading=\"lazy\" decoding=\"async\" width=\"600\" height=\"385\" class=\"entry-thumb td-modal-image\" src=\"https:\/\/i1.wp.com\/www.sidwaya.info\/wp-content\/uploads\/2019\/08\/tabaski.jpg?resize=600%2C385&#038;ssl=1\" srcset=\"https:\/\/i1.wp.com\/www.sidwaya.info\/wp-content\/uploads\/2019\/08\/tabaski.jpg?w=600&#038;ssl=1 600w, https:\/\/i1.wp.com\/www.sidwaya.info\/wp-content\/uploads\/2019\/08\/tabaski.jpg?resize=300%2C193&#038;ssl=1 300w\" sizes=\"auto, (max-width: 600px) 100vw, 600px\" alt=\"\" title=\"tabaski\"\/><\/a><\/div>\n<p>\u00ab Je souhaite une bonne f\u00eate de l\u2019A\u00efd-El-K\u00e9bir \u00e0 tous les fid\u00e8les musulmans du Burkina Faso. En ce moment de partage, je formule le v\u0153u que l\u2019esprit de coh\u00e9sion sociale et de solidarit\u00e9 continue de guider nos actions quotidiennes. Qu\u2019Allah b\u00e9nisse le Burkina Faso, et nous accorde une bonne saison agricole \u00bb.<\/p>\n<p>Direction de la communication de la pr\u00e9sidence du Faso.<\/p>\n<div class=\"td-a-rec td-a-rec-id-content_bottom td_uid_30_5d508c205116d_rand td_block_template_1\"><img loading=\"lazy\" decoding=\"async\" class=\"aligncenter size-full wp-image-9623\" src=\"https:\/\/www.sidwaya.info\/wp-content\/uploads\/2019\/06\/Projet-bannie%CC%80re-Orange-mobile.jpg\" alt=\"\" width=\"728\" height=\"81\"\/><\/div>\n<p>Auteur: BS. Sidwaya<br \/>\n<a href=\"https:\/\/www.sidwaya.info\/blog\/2019\/08\/11\/tabaski-message-du-president-du-faso\/\">Cliquez ici pour lire l&rsquo;article depuis sa source.<\/a><\/p>\n","protected":false},"excerpt":{"rendered":"<p>\u00ab Je souhaite une bonne f\u00eate de l\u2019A\u00efd-El-K\u00e9bir \u00e0 tous les fid\u00e8les musulmans du Burkina Faso. En ce moment de partage, je formule le v\u0153u que l\u2019esprit de coh\u00e9sion sociale et de solidarit\u00e9 continue de guider nos actions quotidiennes. Qu\u2019Allah b\u00e9nisse le Burkina Faso, et nous accorde une bonne saison agricole \u00bb. Direction de la [&hellip;]<\/p>\n","protected":false},"author":1816,"featured_media":0,"comment_status":"closed","ping_status":"closed","sticky":false,"template":"","format":"standard","meta":{"fifu_image_url":"","fifu_image_alt":"","footnotes":""},"categories":[73,81],"tags":[],"class_list":["post-51314","post","type-post","status-publish","format-standard","hentry","category-actualite","category-burkina-faso"],"_links":{"self":[{"href":"https:\/\/linitiative.ca\/International\/wp-json\/wp\/v2\/posts\/51314","targetHints":{"allow":["GET"]}}],"collection":[{"href":"https:\/\/linitiative.ca\/International\/wp-json\/wp\/v2\/posts"}],"about":[{"href":"https:\/\/linitiative.ca\/International\/wp-json\/wp\/v2\/types\/post"}],"author":[{"embeddable":true,"href":"https:\/\/linitiative.ca\/International\/wp-json\/wp\/v2\/users\/1816"}],"replies":[{"embeddable":true,"href":"https:\/\/linitiative.ca\/International\/wp-json\/wp\/v2\/comments?post=51314"}],"version-history":[{"count":0,"href":"https:\/\/linitiative.ca\/International\/wp-json\/wp\/v2\/posts\/51314\/revisions"}],"wp:attachment":[{"href":"https:\/\/linitiative.ca\/International\/wp-json\/wp\/v2\/media?parent=51314"}],"wp:term":[{"taxonomy":"category","embeddable":true,"href":"https:\/\/linitiative.ca\/International\/wp-json\/wp\/v2\/categories?post=51314"},{"taxonomy":"post_tag","embeddable":true,"href":"https:\/\/linitiative.ca\/International\/wp-json\/wp\/v2\/tags?post=51314"}],"curies":[{"name":"wp","href":"https:\/\/api.w.org\/{rel}","templated":true}]}}