{"id":51315,"date":"2019-08-11T08:57:43","date_gmt":"2019-08-11T12:57:43","guid":{"rendered":"https:\/\/linitiative.ca\/International\/tabaski-2019-le-message-de-lupc-aux-fideles-musulmans\/"},"modified":"2019-08-11T08:57:43","modified_gmt":"2019-08-11T12:57:43","slug":"tabaski-2019-le-message-de-lupc-aux-fideles-musulmans","status":"publish","type":"post","link":"https:\/\/linitiative.ca\/International\/tabaski-2019-le-message-de-lupc-aux-fideles-musulmans\/","title":{"rendered":"Tabaski 2019: le message de l\u2019UPC aux fid\u00e8les musulmans"},"content":{"rendered":"<div class=\"td-post-featured-image\"><a href=\"https:\/\/i2.wp.com\/www.sidwaya.info\/wp-content\/uploads\/2019\/08\/upc.jpg?fit=453%2C300&#038;ssl=1\" data-caption=\"\"><img loading=\"lazy\" decoding=\"async\" width=\"453\" height=\"300\" class=\"entry-thumb td-modal-image\" src=\"https:\/\/i2.wp.com\/www.sidwaya.info\/wp-content\/uploads\/2019\/08\/upc.jpg?resize=453%2C300&#038;ssl=1\" srcset=\"https:\/\/i2.wp.com\/www.sidwaya.info\/wp-content\/uploads\/2019\/08\/upc.jpg?w=453&#038;ssl=1 453w, https:\/\/i2.wp.com\/www.sidwaya.info\/wp-content\/uploads\/2019\/08\/upc.jpg?resize=300%2C199&#038;ssl=1 300w\" sizes=\"auto, (max-width: 453px) 100vw, 453px\" alt=\"\" title=\"upc\"\/><\/a><\/div>\n<p><strong>Bien aim\u00e9s fr\u00e8res et s\u0153urs musulmans du Burkina Faso,<\/strong><\/p>\n<p>Par la volont\u00e9 et la gr\u00e2ce d\u2019Allah, nous vivrons l\u2019A\u00efd el-kebir le dimanche 11 ao\u00fbt 2019. En ces circonstances heureuses et hautement symboliques, l\u2019Union pour le Progr\u00e8s et le Changement (UPC) souhaite une joyeuse f\u00eate \u00e0 vous et aux musulmans du monde entier.<\/p>\n<p><strong>Chers fr\u00e8res et s\u0153urs,<\/strong><\/p>\n<p>L\u2019A\u00efd el-kebir comm\u00e9more le sacrifice d\u2019Ibrahim (paix sur lui) et sa totale ob\u00e9issance \u00e0 Dieu. Que vos diff\u00e9rentes pri\u00e8res renforcent votre foi en Allah, et apportent de la paix durable et une r\u00e9conciliation sinc\u00e8re entre les Burkinab\u00e8\u00a0!<\/p>\n<p>Nombre de nos concitoyens f\u00eateront en Terre sainte o\u00f9 ils effectuent le p\u00e8lerinage. L\u2019UPC leur souhaite un bon s\u00e9jour et un bon retour parmi nous.<\/p>\n<p>La f\u00eate du Sacrifice a lieu cette ann\u00e9e dans un contexte s\u00e9curitaire assez grave, avec des morts, des bless\u00e9s et des d\u00e9plac\u00e9s internes. Qu\u2019Allah le Tout-puissant apaise les c\u0153urs des familles \u00e9plor\u00e9es, et qu\u2019Il nous donne la force n\u00e9cessaire pour traverser ces moments difficiles\u00a0!<\/p>\n<p>Bonne f\u00eate \u00e0 toutes et \u00e0 tous\u00a0!<\/p>\n<p>Qu\u2019Allah agr\u00e9e vos pri\u00e8res, et qu\u2019Il b\u00e9nisse le Burkina Faso\u00a0!<\/p>\n<p>Ouagadougou, le 09 ao\u00fbt 2019<\/p>\n<p><strong>Pour le Bureau politique national de l\u2019UPC,<\/strong><\/p>\n<p><strong>Le 5\u00e8me Vice-pr\u00e9sident charg\u00e9 des valeurs soci\u00e9tales, des cultes et de la R\u00e9conciliation nationale,<\/strong><\/p>\n<p><strong>Son Excellence le Po\u00e9 Naaba TANGA<\/strong><\/p>\n<div class=\"td-a-rec td-a-rec-id-content_bottom td_uid_30_5d508c23cb15e_rand td_block_template_1\"><img loading=\"lazy\" decoding=\"async\" class=\"aligncenter size-full wp-image-9623\" src=\"https:\/\/www.sidwaya.info\/wp-content\/uploads\/2019\/06\/Projet-bannie%CC%80re-Orange-mobile.jpg\" alt=\"\" width=\"728\" height=\"81\"\/><\/div>\n<p>Auteur: BS. Sidwaya<br \/>\n<a href=\"https:\/\/www.sidwaya.info\/blog\/2019\/08\/11\/tabaski-2019-le-message-de-lupc-aux-fideles-musulmans\/\">Cliquez ici pour lire l&rsquo;article depuis sa source.<\/a><\/p>\n","protected":false},"excerpt":{"rendered":"<p>Bien aim\u00e9s fr\u00e8res et s\u0153urs musulmans du Burkina Faso, Par la volont\u00e9 et la gr\u00e2ce d\u2019Allah, nous vivrons l\u2019A\u00efd el-kebir le dimanche 11 ao\u00fbt 2019. En ces circonstances heureuses et hautement symboliques, l\u2019Union pour le Progr\u00e8s et le Changement (UPC) souhaite une joyeuse f\u00eate \u00e0 vous et aux musulmans du monde entier. Chers fr\u00e8res et [&hellip;]<\/p>\n","protected":false},"author":1816,"featured_media":0,"comment_status":"closed","ping_status":"closed","sticky":false,"template":"","format":"standard","meta":{"fifu_image_url":"","fifu_image_alt":"","footnotes":""},"categories":[73,81],"tags":[],"class_list":["post-51315","post","type-post","status-publish","format-standard","hentry","category-actualite","category-burkina-faso"],"_links":{"self":[{"href":"https:\/\/linitiative.ca\/International\/wp-json\/wp\/v2\/posts\/51315","targetHints":{"allow":["GET"]}}],"collection":[{"href":"https:\/\/linitiative.ca\/International\/wp-json\/wp\/v2\/posts"}],"about":[{"href":"https:\/\/linitiative.ca\/International\/wp-json\/wp\/v2\/types\/post"}],"author":[{"embeddable":true,"href":"https:\/\/linitiative.ca\/International\/wp-json\/wp\/v2\/users\/1816"}],"replies":[{"embeddable":true,"href":"https:\/\/linitiative.ca\/International\/wp-json\/wp\/v2\/comments?post=51315"}],"version-history":[{"count":0,"href":"https:\/\/linitiative.ca\/International\/wp-json\/wp\/v2\/posts\/51315\/revisions"}],"wp:attachment":[{"href":"https:\/\/linitiative.ca\/International\/wp-json\/wp\/v2\/media?parent=51315"}],"wp:term":[{"taxonomy":"category","embeddable":true,"href":"https:\/\/linitiative.ca\/International\/wp-json\/wp\/v2\/categories?post=51315"},{"taxonomy":"post_tag","embeddable":true,"href":"https:\/\/linitiative.ca\/International\/wp-json\/wp\/v2\/tags?post=51315"}],"curies":[{"name":"wp","href":"https:\/\/api.w.org\/{rel}","templated":true}]}}