{"id":51316,"date":"2019-08-11T11:50:05","date_gmt":"2019-08-11T15:50:05","guid":{"rendered":"https:\/\/linitiative.ca\/International\/steve-king-lembarrassant-elu-extremiste-de-letat-de-liowa\/"},"modified":"2019-08-11T11:50:05","modified_gmt":"2019-08-11T15:50:05","slug":"steve-king-lembarrassant-elu-extremiste-de-letat-de-liowa","status":"publish","type":"post","link":"https:\/\/linitiative.ca\/International\/steve-king-lembarrassant-elu-extremiste-de-letat-de-liowa\/","title":{"rendered":"Steve King, l\u2019embarrassant \u00e9lu extr\u00e9miste de l\u2019Etat de l\u2019Iowa"},"content":{"rendered":"<p>Dans un pays meurtri par la mont\u00e9e du nationalisme, o\u00f9 un supr\u00e9maciste blanc a fait 22 morts la semaine derni\u00e8re, m\u00eame la tr\u00e8s conservatrice circonscription nord-ouest de l\u2019Etat de l\u2019Iowa n\u2019est plus s\u00fbre de r\u00e9\u00e9lire son repr\u00e9sentant au Congr\u00e8s, un \u00e9lu r\u00e9actionnaire qui \u00e9pouse r\u00e9guli\u00e8rement les th\u00e8ses extr\u00e9mistes.<\/p>\n<p>Steve King, un r\u00e9publicain, repr\u00e9sente le 4e district de l\u2019Iowa, une zone rurale et \u00e0 la population tr\u00e8s majoritairement blanche qui a massivement vot\u00e9 en 2016 pour Donald Trump, dont il est dor\u00e9navant l\u2019un des farouches soutiens.<\/p>\n<p>F\u00e9rocement anti-immigration, Steve King, 70 ans, a notamment d\u00e9fendu l\u2019ann\u00e9e derni\u00e8re le supr\u00e9macisme blanc dans un entretien au New York Times.<\/p>\n<p>\u00ab\u00a0Nationaliste blanc, supr\u00e9maciste blanc, civilisation occidentale\u2026 comment ces expressions ont-elles pu devenir offensantes?\u00a0\u00bb, s\u2019est-il interrog\u00e9.<\/p>\n<p>De quoi faire de lui un paria \u00e0 Washington, o\u00f9 les dirigeants r\u00e9publicains au Congr\u00e8s lui ont retir\u00e9 ses missions au sein des diff\u00e9rentes commissions sous leur contr\u00f4le.<\/p>\n<p>Dans l\u2019Iowa, petit Etat du nord du pays, le son de cloche est diff\u00e9rent. Depuis sa premi\u00e8re \u00e9lection en 2002, le repr\u00e9sentant a \u00e9t\u00e9 r\u00e9\u00e9lu neuf fois, dans une circonscription consid\u00e9r\u00e9e comme facilement acquise aux r\u00e9publicains.<\/p>\n<p>\u00ab\u00a0Steve King a d\u00e9fendu tout ce que les gens de l\u2019Iowa croient. On lui a fait une mauvaise r\u00e9putation en disant qu\u2019il est raciste\u00a0\u00bb, s\u2019offusque Wally Hamann, 71 ans.<\/p>\n<p>\u00ab\u00a0Il a \u00e9t\u00e9 trahi par son propre parti, comme notre pr\u00e9sident\u00a0\u00bb, poursuit cet imposant vendeur d\u2019antiquit\u00e9s qui conduit un pick-up avec des autocollants \u00e0 la gloire de Steve King et de l\u2019Am\u00e9rique \u2013 dont un flanqu\u00e9 du slogan \u00ab\u00a0Aimez-la ou quittez-la\u00a0\u00bb.<\/p>\n<p>Parmi les promesses de son candidat, celle de faire preuve d\u2019une extr\u00eame fermet\u00e9 sur la question de l\u2019immigration, trouve un \u00e9cho particulier chez lui.<\/p>\n<p>\u00ab\u00a0Quand votre pays est envahi, vous devez y mettre fin avec l\u2019arm\u00e9e, et on ne fait pas \u00e7a\u00a0\u00bb, assure-t-il.<\/p>\n<p>\u2013 \u00ab\u00a0A contrecoeur\u00a0\u00bb \u2013<\/p>\n<p>L\u2019ann\u00e9e derni\u00e8re, Steve King a parl\u00e9 lors d\u2019une interview en Autriche du \u00ab\u00a0grand remplacement\u00a0\u00bb, une th\u00e9orie du complot d\u2019extr\u00eame droite.<\/p>\n<p>Charlie MacNider, un retrait\u00e9 qui affiche une pancarte \u00ab\u00a0Trump 2020\u00a0\u00bb devant chez lui, explique soutenir M. King \u00ab\u00a0\u00e0 contrecoeur\u00a0\u00bb.<\/p>\n<p>\u00ab\u00a0Il dit des choses b\u00eates et partage une tendance avec le pr\u00e9sident, celle de s\u2019exprimer maladroitement\u00a0\u00bb, admet-il.<\/p>\n<p>Des propos qui nourrissent la haine exprim\u00e9e par les supr\u00e9macistes blancs? Charlie MacNider ne va pas jusque l\u00e0, m\u00eame si beaucoup reprochent au pr\u00e9sident d\u2019utiliser le terme \u00ab\u00a0invasion\u00a0\u00bb pour parler de l\u2019immigration, tout comme le tireur d\u2019El Paso, au Texas, qui a fait 22 morts la semaine derni\u00e8re, la grande majorit\u00e9 d\u2019origine hispanique.<\/p>\n<p>\u00ab\u00a0Les sentiments nationalistes ne sont pas forc\u00e9ment une mauvaise chose\u00a0\u00bb, avance M. MacNider.<\/p>\n<p>L\u2019Iowa sera le premier Etat am\u00e9ricain \u00e0 voter lors de la primaire d\u00e9mocrate, ce qui y explique la pr\u00e9sence d\u2019une vingtaine de candidats de l\u2019opposition cette semaine pour la grande foire r\u00e9gionale, passage oblig\u00e9 dans la longue course \u00e0 la pr\u00e9sidentielle.<\/p>\n<p>Et dans cet Etat qui a vot\u00e9 pour Barack Obama en 2008 et 2012, avant d\u2019\u00e9lire Donald Trump en 2016, le si\u00e8ge de Steve King semble \u00eatre plus menac\u00e9 que jamais.<\/p>\n<p>L\u2019ann\u00e9e derni\u00e8re, lors des \u00e9lections l\u00e9gislatives de mi-mandat, les \u00ab\u00a0midterms\u00a0\u00bb, son adversaire d\u00e9mocrate JD Scholten a fini \u00e0 moins de trois points de lui.<\/p>\n<p>Les \u00e9lections \u00e0 la Chambre se tenant tous les deux ans, \u00e0 l\u2019inverse du S\u00e9nat, JD Scholten pourra retenter sa chance en 2020.<\/p>\n<p>\u00ab\u00a0La derni\u00e8re fois on esp\u00e9rait gagner. Cette fois on s\u2019attend \u00e0 gagner\u00a0\u00bb, promet l\u2019homme de 39 ans.<\/p>\n<p>Avant d\u2019affronter son challenger d\u00e9mocrate, Steve King devra passer par une primaire, o\u00f9 il sera oppos\u00e9 \u00e0 trois r\u00e9publicains.<\/p>\n<p>Parmi eux Jeremy Taylor, 41 ans. Selon lui, M. King n\u2019est pas ouvertement raciste, mais simplement \u00ab\u00a0imprudent\u00a0\u00bb concernant les questions identitaires et raciales.<\/p>\n<p>\u00ab\u00a0Il y a des fois o\u00f9 Steve King n\u2019a pas fait attention et a caus\u00e9 des erreurs qui ont fait du mal \u00e0 la cause conservatrice\u00a0\u00bb, avance-t-il.<\/p>\n<p>D\u2019autres supporters de Donald Trump reconnaissent \u00eatre pr\u00e9occup\u00e9s par la rh\u00e9torique du milliardaire r\u00e9publicain et de ses soutiens, comme M. King.<\/p>\n<p>Une femme, qui a voulu rester anonyme \u00e0 cause de son vote r\u00e9publicain en 2016, a expliqu\u00e9 \u00eatre inqui\u00e8te quand elle voit les tweets du pr\u00e9sident.<\/p>\n<p>\u00ab\u00a0Parfois, il est complice (de l\u2019extr\u00eame droite)\u00a0\u00bb, tranche-t-elle.<\/p>\n<p>Auteur: AFP<br \/>\n<a href=\"https:\/\/www.journalducameroun.com\/steve-king-lembarrassant-elu-extremiste-de-letat-de-liowa\/\">Cliquez ici pour lire l&rsquo;article depuis sa source.<\/a><\/p>\n","protected":false},"excerpt":{"rendered":"<p>Dans un pays meurtri par la mont\u00e9e du nationalisme, o\u00f9 un supr\u00e9maciste blanc a fait 22 morts la semaine derni\u00e8re, m\u00eame la tr\u00e8s conservatrice circonscription nord-ouest de l\u2019Etat de l\u2019Iowa n\u2019est plus s\u00fbre de r\u00e9\u00e9lire son repr\u00e9sentant au Congr\u00e8s, un \u00e9lu r\u00e9actionnaire qui \u00e9pouse r\u00e9guli\u00e8rement les th\u00e8ses extr\u00e9mistes. Steve King, un r\u00e9publicain, repr\u00e9sente le 4e [&hellip;]<\/p>\n","protected":false},"author":1965,"featured_media":0,"comment_status":"closed","ping_status":"closed","sticky":false,"template":"","format":"standard","meta":{"fifu_image_url":"","fifu_image_alt":"","footnotes":""},"categories":[73,82],"tags":[],"class_list":["post-51316","post","type-post","status-publish","format-standard","hentry","category-actualite","category-cameroun"],"_links":{"self":[{"href":"https:\/\/linitiative.ca\/International\/wp-json\/wp\/v2\/posts\/51316","targetHints":{"allow":["GET"]}}],"collection":[{"href":"https:\/\/linitiative.ca\/International\/wp-json\/wp\/v2\/posts"}],"about":[{"href":"https:\/\/linitiative.ca\/International\/wp-json\/wp\/v2\/types\/post"}],"author":[{"embeddable":true,"href":"https:\/\/linitiative.ca\/International\/wp-json\/wp\/v2\/users\/1965"}],"replies":[{"embeddable":true,"href":"https:\/\/linitiative.ca\/International\/wp-json\/wp\/v2\/comments?post=51316"}],"version-history":[{"count":0,"href":"https:\/\/linitiative.ca\/International\/wp-json\/wp\/v2\/posts\/51316\/revisions"}],"wp:attachment":[{"href":"https:\/\/linitiative.ca\/International\/wp-json\/wp\/v2\/media?parent=51316"}],"wp:term":[{"taxonomy":"category","embeddable":true,"href":"https:\/\/linitiative.ca\/International\/wp-json\/wp\/v2\/categories?post=51316"},{"taxonomy":"post_tag","embeddable":true,"href":"https:\/\/linitiative.ca\/International\/wp-json\/wp\/v2\/tags?post=51316"}],"curies":[{"name":"wp","href":"https:\/\/api.w.org\/{rel}","templated":true}]}}