{"id":51318,"date":"2019-08-11T11:50:08","date_gmt":"2019-08-11T15:50:08","guid":{"rendered":"https:\/\/linitiative.ca\/International\/libye-tirs-sur-laeroport-de-mitiga-en-violation-de-la-treve\/"},"modified":"2019-08-11T11:50:08","modified_gmt":"2019-08-11T15:50:08","slug":"libye-tirs-sur-laeroport-de-mitiga-en-violation-de-la-treve","status":"publish","type":"post","link":"https:\/\/linitiative.ca\/International\/libye-tirs-sur-laeroport-de-mitiga-en-violation-de-la-treve\/","title":{"rendered":"Libye: tirs sur l\u2019a\u00e9roport de Mitiga en violation de la tr\u00eave"},"content":{"rendered":"<div readability=\"32\">\n<p>Publi\u00e9 le 11.08.2019 \u00e0 16h50 par AFP<\/p>\n<\/div>\n<div readability=\"111\">\n<p>Des tirs de roquettes ont vis\u00e9 dimanche l\u2019a\u00e9roport de Mitiga, le seul fonctionnel de la capitale libyenne, en violation d\u2019une tr\u00eave temporaire entre les bellig\u00e9rants, qui s\u2019affrontent depuis plus de quatre mois autour de Tripoli.<\/p>\n<p>Situ\u00e9 \u00e0 quelques kilom\u00e8tres \u00e0 l\u2019est de la capitale, Mitiga se trouve dans la zone contr\u00f4l\u00e9e par le gouvernement d\u2019union nationale (GNA), bas\u00e9 \u00e0 Tripoli.<\/p>\n<p>\u00ab\u00a0L\u2019a\u00e9roport de Mitiga a \u00e9t\u00e9 la cible de tirs au matin du premier jour de l\u2019A\u00efd al-Adha\u00a0\u00bb, a indiqu\u00e9 la direction de l\u2019a\u00e9roport sur Facebook. Le trafic a\u00e9rien a \u00e9t\u00e9 suspendu \u00ab\u00a0jusqu\u2019\u00e0 nouvel ordre\u00a0\u00bb, a ajout\u00e9 la direction, qui a diffus\u00e9 des photos montrant des colonnes de fum\u00e9e \u00e0 quelques m\u00e8tres du tarmac.<\/p>\n<p>Homme fort de l\u2019est libyen, le mar\u00e9chal Khalifa Haftar a lanc\u00e9 le 4 avril une offensive pour conqu\u00e9rir Tripoli, si\u00e8ge du GNA, reconnu par l\u2019ONU. Apr\u00e8s plus de quatre mois d\u2019affrontements meurtriers, les forces du mar\u00e9chal stagnent aux abords de la capitale, frein\u00e9es par les forces loyales au GNA.<\/p>\n<p>Les bellig\u00e9rants se sont mutuellement accus\u00e9s d\u2019avoir viol\u00e9 l\u2019accord d\u2019une tr\u00eave temporaire r\u00e9clam\u00e9e par l\u2019ONU durant l\u2019A\u00efd al-Adha, c\u00e9l\u00e9bration religieuse qui commence dimanche et se poursuit jusqu\u2019\u00e0 mardi en Libye.<\/p>\n<p>\u00ab\u00a0Les milices de Haftar ont viol\u00e9 la tr\u00eave \u00e0 deux reprises\u00a0\u00bb, a affirm\u00e9 \u00e0 l\u2019AFP Moustafa al-Mejii, porte-parole des forces du GNA. \u00ab\u00a0La premi\u00e8re fois en visant une habitation \u00e0 Soug al-Jomaa (est de Tripoli), blessant trois civils, et la deuxi\u00e8me en touchant l\u2019a\u00e9roport de Mitiga\u00a0\u00bb, a-t-il accus\u00e9.<\/p>\n<p>Les forces du GNA ont \u00ab\u00a0relev\u00e9 les coordonn\u00e9es des tirs de roquettes depuis les zones contr\u00f4l\u00e9es par les milices de Haftar au sud de la capitale\u00a0\u00bb et les ont transmises \u00e0 la Mission d\u2019appui de l\u2019ONU en Libye (Manul), selon le porte-parole.<\/p>\n<p>\u00ab\u00a0Les forces du GNA respectent jusqu\u2019\u00e0 pr\u00e9sent la tr\u00eave mais elles d\u00e9tiennent tous les moyens de riposte \u00e0 tout moment\u00a0\u00bb, a-t-il encore averti.<\/p>\n<p>L\u2019op\u00e9ration des forces pro-GNA \u00ab\u00a0Volcan de la col\u00e8re\u00a0\u00bb avait d\u00e9j\u00e0 accus\u00e9 plus t\u00f4t les forces pro-Haftar de \u00ab\u00a0violation de la tr\u00eave (\u2026) apr\u00e8s la chute de roquettes dans le quartier de Soug al-Jomaa\u00a0\u00bb. Trois personnes qui se trouvaient dans un abattoir ont \u00e9t\u00e9 bless\u00e9es, a-t-elle indiqu\u00e9 sur sa page Facebook.<\/p>\n<p>Il n\u2019y a eu aucune confirmation sur l\u2019origine des tirs.<\/p>\n<p>Des cha\u00eenes de t\u00e9l\u00e9visions libyennes ont \u00e9galement fait \u00e9tat d\u2019\u00e9changes de tirs dans le secteur de la route de l\u2019a\u00e9roport international de Tripoli, ferm\u00e9 et gravement endommag\u00e9 en 2014 par des combats.<\/p>\n<p>Le GNA avait dit \u00ab\u00a0accepter une tr\u00eave humanitaire pour les jours de f\u00eate d\u2019Al-Adha\u00a0\u00bb. Les forces pro-Haftar avaient \u00e9galement affirm\u00e9 souscrire \u00e0 la tr\u00eave, annon\u00e7ant \u00ab\u00a0l\u2019arr\u00eat de toutes les op\u00e9rations militaires dans la banlieue de Tripoli\u00a0\u00bb de samedi \u00e0 lundi.<\/p>\n<p>Ancienne plateforme militaire utilis\u00e9e pour le trafic civil en remplacement de l\u2019a\u00e9roport international de Tripoli, Mitiga est fr\u00e9quemment vis\u00e9 par des tirs depuis le d\u00e9but de l\u2019offensive du mar\u00e9chal Haftar.<\/p>\n<p>Selon le dernier bilan de l\u2019Organisation mondiale de la sant\u00e9, les combats aux abords de Tripoli ont fait 1.093 morts et 5.752 bless\u00e9s depuis le 4 avril ainsi que plus de 120.000 d\u00e9plac\u00e9s.<\/p>\n<\/div>\n<p>Auteur: AFP<br \/>\n<a href=\"https:\/\/www.journalducameroun.com\/libye-tirs-sur-laeroport-de-mitiga-en-violation-de-la-treve\/\">Cliquez ici pour lire l&rsquo;article depuis sa source.<\/a><\/p>\n","protected":false},"excerpt":{"rendered":"<p>Publi\u00e9 le 11.08.2019 \u00e0 16h50 par AFP Des tirs de roquettes ont vis\u00e9 dimanche l\u2019a\u00e9roport de Mitiga, le seul fonctionnel de la capitale libyenne, en violation d\u2019une tr\u00eave temporaire entre les bellig\u00e9rants, qui s\u2019affrontent depuis plus de quatre mois autour de Tripoli. Situ\u00e9 \u00e0 quelques kilom\u00e8tres \u00e0 l\u2019est de la capitale, Mitiga se trouve dans [&hellip;]<\/p>\n","protected":false},"author":1965,"featured_media":0,"comment_status":"closed","ping_status":"closed","sticky":false,"template":"","format":"standard","meta":{"fifu_image_url":"","fifu_image_alt":"","footnotes":""},"categories":[73,82],"tags":[],"class_list":["post-51318","post","type-post","status-publish","format-standard","hentry","category-actualite","category-cameroun"],"_links":{"self":[{"href":"https:\/\/linitiative.ca\/International\/wp-json\/wp\/v2\/posts\/51318","targetHints":{"allow":["GET"]}}],"collection":[{"href":"https:\/\/linitiative.ca\/International\/wp-json\/wp\/v2\/posts"}],"about":[{"href":"https:\/\/linitiative.ca\/International\/wp-json\/wp\/v2\/types\/post"}],"author":[{"embeddable":true,"href":"https:\/\/linitiative.ca\/International\/wp-json\/wp\/v2\/users\/1965"}],"replies":[{"embeddable":true,"href":"https:\/\/linitiative.ca\/International\/wp-json\/wp\/v2\/comments?post=51318"}],"version-history":[{"count":0,"href":"https:\/\/linitiative.ca\/International\/wp-json\/wp\/v2\/posts\/51318\/revisions"}],"wp:attachment":[{"href":"https:\/\/linitiative.ca\/International\/wp-json\/wp\/v2\/media?parent=51318"}],"wp:term":[{"taxonomy":"category","embeddable":true,"href":"https:\/\/linitiative.ca\/International\/wp-json\/wp\/v2\/categories?post=51318"},{"taxonomy":"post_tag","embeddable":true,"href":"https:\/\/linitiative.ca\/International\/wp-json\/wp\/v2\/tags?post=51318"}],"curies":[{"name":"wp","href":"https:\/\/api.w.org\/{rel}","templated":true}]}}