{"id":51319,"date":"2019-08-11T11:50:10","date_gmt":"2019-08-11T15:50:10","guid":{"rendered":"https:\/\/linitiative.ca\/International\/le-transport-lautre-grand-defi-du-pelerinage-a-la-mecque\/"},"modified":"2019-08-11T11:50:10","modified_gmt":"2019-08-11T15:50:10","slug":"le-transport-lautre-grand-defi-du-pelerinage-a-la-mecque","status":"publish","type":"post","link":"https:\/\/linitiative.ca\/International\/le-transport-lautre-grand-defi-du-pelerinage-a-la-mecque\/","title":{"rendered":"Le transport, l\u2019autre grand d\u00e9fi du p\u00e8lerinage \u00e0 La Mecque"},"content":{"rendered":"<div readability=\"32\">\n<p>Publi\u00e9 le 11.08.2019 \u00e0 16h50 par AFP<\/p>\n<\/div>\n<div readability=\"123\">\n<p>Le grand p\u00e8lerinage musulman \u00e0 La Mecque constitue un d\u00e9fi pour l\u2019Arabie saoudite qui doit g\u00e9rer des flux de fid\u00e8les en un laps de temps tr\u00e8s court.<\/p>\n<p>\u00ab\u00a0Nous avons atteint cette ann\u00e9e pr\u00e8s de 2,5 millions de p\u00e8lerins. Transporter tous ces p\u00e8lerins est un d\u00e9fi\u00a0\u00bb, explique le ministre saoudien des Transports Nabil al-Amoudi dans un entretien \u00e0 l\u2019AFP.<\/p>\n<p>Selon lui, \u00ab\u00a07.400 avions transportant des p\u00e8lerins sont arriv\u00e9s cette ann\u00e9e via les a\u00e9roports de Jeddah et M\u00e9dine\u00a0\u00bb et \u00ab\u00a0plus de 18.000 bus ont \u00e9t\u00e9 mobilis\u00e9s\u00a0\u00bb pour le hajj, l\u2019un des cinq piliers de l\u2019islam que tout musulman est cens\u00e9 accomplir au moins une fois dans sa vie s\u2019il en a les moyens.<\/p>\n<p>Consid\u00e9r\u00e9 comme l\u2019un des plus grands rassemblements au monde, le hajj est un ensemble de rites codifi\u00e9s et inchang\u00e9s depuis quatorze si\u00e8cles qui se d\u00e9roulent, cinq jours durant, entre la ville sainte de La Mecque et des vall\u00e9es et collines environnantes, dans l\u2019ouest du royaume.<\/p>\n<p>Un m\u00e9tro reliant trois \u00e9tapes du hajj doit transporter cette ann\u00e9e \u00ab\u00a0360.000\u00a0\u00bb fid\u00e8les, un \u00ab\u00a0record\u00a0\u00bb selon le ministre saoudien. Cette ligne inaugur\u00e9e en 2010 a la particularit\u00e9 de ne fonctionner que cinq jours par an.<\/p>\n<p>Sur les 2,49 millions de p\u00e8lerins qui effectuent le hajj cette ann\u00e9e (du 9 au 14 ao\u00fbt), l\u2019\u00e9crasante majorit\u00e9 arrive par les airs et quelques milliers seulement par voie maritime ou terrestre.<\/p>\n<p>M\u00eame si cette \u00e9tape n\u2019est pas obligatoire, de nombreux p\u00e8lerins se rendent \u00e9galement \u00e0 M\u00e9dine, l\u2019autre ville sainte de l\u2019islam en Arabie saoudite.<\/p>\n<p>Fin septembre, un train \u00e0 grande vitesse reliant La Mecque \u00e0 M\u00e9dine en 2h30 contre 5 heures auparavant a \u00e9t\u00e9 inaugur\u00e9.<\/p>\n<p>Pour le hajj en cours, ce TGV, baptis\u00e9 Haramain, transportera pour la premi\u00e8re fois des p\u00e8lerins, \u00ab\u00a0entre 20.000 et 30.000\u00a0\u00bb, avant d\u2019augmenter progressivement ce nombre d\u00e8s l\u2019ann\u00e9e suivante, pr\u00e9cise M. Amoudi.<\/p>\n<p>\u2013 Bus pollueurs \u2013<\/p>\n<p>Les p\u00e8lerins arrivant par les airs a atterrissent aux a\u00e9roports de M\u00e9dine ou Jeddah, pr\u00e8s de La Mecque, les voyageurs disposant d\u2019un visa \u00ab\u00a0p\u00e8lerinage\u00a0\u00bb n\u2019\u00e9tant pas autoris\u00e9s \u00e0 p\u00e9n\u00e9trer en Arabie saoudite via un autre a\u00e9roport.<\/p>\n<p>A Jeddah, un a\u00e9roport flambant neuf est en phase de test, et une station TGV y sera ouverte \u00ab\u00a0fin octobre\u00a0\u00bb, indique le ministre.<\/p>\n<p>Sur les sites autour de La Mecque, le transport durant le hajj reste toutefois chaotique.<\/p>\n<p>Des milliers de bus, fortement \u00e9metteurs de CO2, forment \u00e0 toute heure d\u2019interminables bouchons: parcourir une dizaine de kilom\u00e8tres prend une demi-journ\u00e9e, voire plus.<\/p>\n<p>L\u2019air est irrespirable, notamment aux abord du mont Arafat, une des principales \u00e9tapes du hajj, et de nombreux p\u00e8lerins portent des masques chirurgicaux pour ne pas respirer les gaz d\u2019\u00e9chappement.<\/p>\n<p>\u00ab\u00a0Sur la pollution g\u00e9n\u00e9r\u00e9e par les bus, nous r\u00e9fl\u00e9chissons \u00e0 un moyen de r\u00e9duire les \u00e9missions (\u2026) c\u2019est un grand d\u00e9fi\u00a0\u00bb, affirme le ministre saoudien, sans autre pr\u00e9cision.<\/p>\n<p>Garantir la s\u00e9curit\u00e9 des fid\u00e8les est l\u2019autre grand d\u00e9fi. En 2015, quelque 2.300 p\u00e8lerins ont p\u00e9ri dans une gigantesque bousculade, la pire trag\u00e9die de l\u2019histoire du hajj. D\u2019autres bousculades meurtri\u00e8res ont par le pass\u00e9 endeuill\u00e9 le grand p\u00e8lerinage annuel des musulmans.<\/p>\n<\/div>\n<p>Auteur: AFP<br \/>\n<a href=\"https:\/\/www.journalducameroun.com\/le-transport-lautre-grand-defi-du-pelerinage-a-la-mecque\/\">Cliquez ici pour lire l&rsquo;article depuis sa source.<\/a><\/p>\n","protected":false},"excerpt":{"rendered":"<p>Publi\u00e9 le 11.08.2019 \u00e0 16h50 par AFP Le grand p\u00e8lerinage musulman \u00e0 La Mecque constitue un d\u00e9fi pour l\u2019Arabie saoudite qui doit g\u00e9rer des flux de fid\u00e8les en un laps de temps tr\u00e8s court. \u00ab\u00a0Nous avons atteint cette ann\u00e9e pr\u00e8s de 2,5 millions de p\u00e8lerins. Transporter tous ces p\u00e8lerins est un d\u00e9fi\u00a0\u00bb, explique le ministre [&hellip;]<\/p>\n","protected":false},"author":1965,"featured_media":0,"comment_status":"closed","ping_status":"closed","sticky":false,"template":"","format":"standard","meta":{"fifu_image_url":"","fifu_image_alt":"","footnotes":""},"categories":[73,82],"tags":[],"class_list":["post-51319","post","type-post","status-publish","format-standard","hentry","category-actualite","category-cameroun"],"_links":{"self":[{"href":"https:\/\/linitiative.ca\/International\/wp-json\/wp\/v2\/posts\/51319","targetHints":{"allow":["GET"]}}],"collection":[{"href":"https:\/\/linitiative.ca\/International\/wp-json\/wp\/v2\/posts"}],"about":[{"href":"https:\/\/linitiative.ca\/International\/wp-json\/wp\/v2\/types\/post"}],"author":[{"embeddable":true,"href":"https:\/\/linitiative.ca\/International\/wp-json\/wp\/v2\/users\/1965"}],"replies":[{"embeddable":true,"href":"https:\/\/linitiative.ca\/International\/wp-json\/wp\/v2\/comments?post=51319"}],"version-history":[{"count":0,"href":"https:\/\/linitiative.ca\/International\/wp-json\/wp\/v2\/posts\/51319\/revisions"}],"wp:attachment":[{"href":"https:\/\/linitiative.ca\/International\/wp-json\/wp\/v2\/media?parent=51319"}],"wp:term":[{"taxonomy":"category","embeddable":true,"href":"https:\/\/linitiative.ca\/International\/wp-json\/wp\/v2\/categories?post=51319"},{"taxonomy":"post_tag","embeddable":true,"href":"https:\/\/linitiative.ca\/International\/wp-json\/wp\/v2\/tags?post=51319"}],"curies":[{"name":"wp","href":"https:\/\/api.w.org\/{rel}","templated":true}]}}