{"id":51320,"date":"2019-08-11T11:50:13","date_gmt":"2019-08-11T15:50:13","guid":{"rendered":"https:\/\/linitiative.ca\/International\/sa-traversee-de-lenfer-bintu-la-vecue-en-libye-plus-quen-mer-2\/"},"modified":"2019-08-11T11:50:13","modified_gmt":"2019-08-11T15:50:13","slug":"sa-traversee-de-lenfer-bintu-la-vecue-en-libye-plus-quen-mer-2","status":"publish","type":"post","link":"https:\/\/linitiative.ca\/International\/sa-traversee-de-lenfer-bintu-la-vecue-en-libye-plus-quen-mer-2\/","title":{"rendered":"Sa travers\u00e9e de l\u2019enfer, Bintu l\u2019a v\u00e9cue en Libye plus qu\u2019en mer"},"content":{"rendered":"<p>Sa travers\u00e9e de l\u2019enfer, Bintu l\u2019a v\u00e9cue en Libye. Cette jeune maman ivoirienne \u00e9tait pr\u00eate \u00e0 mourir en mer plut\u00f4t que de revenir en arri\u00e8re. Secourue vendredi, elle r\u00e9cup\u00e8re avec ses enfants d\u2019un et trois ans \u00e0 bord de l\u2019Ocean Viking, le navire de SOS M\u00e9diterran\u00e9e et MSF.<\/p>\n<p>\u00ab\u00a0Les Libyens, c\u2019est la douleur. Que des coups, des coups\u2026 Ils ne veulent pas de nous\u00a0\u00bb. Repos\u00e9e, douch\u00e9e, son b\u00e9b\u00e9 dans les bras, elle prend le frais sur le pont. \u00ab\u00a0Cela fait longtemps que je n\u2019avais pas aussi bien dormi. Sans peur, sans tirs\u00a0\u00bb, confie-t-elle \u00e0 une journaliste de l\u2019AFP embarqu\u00e9e sur le navire humanitaire.<\/p>\n<p>Bintu, 28 ans, d\u00e9roule le souvenir des derniers mois \u00e0 Tripoli: levers et couchers au son des combats dans la capitale libyenne et dans l\u2019angoisse des violences qui pleuvent sur tous les Africains subsahariens venus chercher un travail.<\/p>\n<p>Sa terreur et celle de ses compagnons est telle que jeudi soir, entendant approcher les canots des marins de SOS M\u00e9diterran\u00e9e, ils ont tent\u00e9 de fuir. \u00ab\u00a0On a cru que c\u2019\u00e9tait les gardes-c\u00f4tes libyens\u00a0\u00bb, qui \u00ab\u00a0cachent leur drapeau et parlent anglais pour nous tromper\u00a0\u00bb.<\/p>\n<p>\u00ab\u00a0On pr\u00e9f\u00e8re mourir en mer plut\u00f4t que de retourner en Libye\u00a0\u00bb, souligne la jeune femme.<\/p>\n<p>Pour Bintu, c\u2019\u00e9tait la deuxi\u00e8me tentative de fuite par la mer. La premi\u00e8re, \u00ab\u00a0pendant (le) ramadan\u00a0\u00bb en mai, a tourn\u00e9 court. Intercept\u00e9s avec d\u2019autres migrants par les gardes-c\u00f4tes libyens, elle s\u2019est retrouv\u00e9e en prison.<\/p>\n<p>\u2013 Mari violent \u2013<\/p>\n<p>Bintu a quitt\u00e9 la C\u00f4te d\u2019Ivoire en mars pour fuir un mari violent \u2014 elle montre des marques de coups de ceinture sur ses bras \u2013, \u00e9pous\u00e9 de force quand elle n\u2019avait que 16 ans, et pour aller travailler en Libye.<\/p>\n<p>Les femmes d\u2019Afrique de l\u2019Ouest trouvent facilement un emploi comme domestiques chez les familles riches.<\/p>\n<p>Elle a laiss\u00e9 ses quatre a\u00een\u00e9s au pays et pris la route avec Usman, \u00ab\u00a0Usu\u00a0\u00bb, un an, et son fr\u00e8re Mohamed, trois ans.<\/p>\n<p>Un calvaire d\u2019un mois et demi \u00e0 travers le Mali, le Niger, puis l\u2019Alg\u00e9rie, \u00e0 pied, en bus, puis un dernier tron\u00e7on vers Tripoli, cach\u00e9e dans un camion. \u00ab\u00a0On a pass\u00e9 la fronti\u00e8re \u00e0 quatre pattes, parfois m\u00eame en rampant au sol\u00a0\u00bb, mime-t-elle.<\/p>\n<p>Mais le pire n\u2019a pas \u00e9t\u00e9 la longue marche dans le d\u00e9sert nig\u00e9rien o\u00f9, b\u00e9b\u00e9 sur le dos, elle s\u2019est entaill\u00e9e la jambe en tombant sur des pierres s\u00e8ches. Ni la travers\u00e9e de trois jours, entass\u00e9s \u00e0 85 hommes, femmes et enfants ouest-africains dans une minuscule embarcation instable.<\/p>\n<p>L\u2019enfer, \u00e7a a \u00e9t\u00e9 le s\u00e9jour libyen. Avant sa premi\u00e8re tentative de fuite, elle a \u00e9chapp\u00e9 \u00e0 la r\u00e9tention \u2014 elle dit \u00ab\u00a0prison\u00a0\u00bb \u2014 en restant cach\u00e9e. \u00ab\u00a0Ils t\u2019attrapent n\u2019importe o\u00f9 et te jettent en prison\u00a0\u00bb.<\/p>\n<p>Une fois en r\u00e9tention, il faut payer pour en sortir: \u00ab\u00a0Je n\u2019avais pas d\u2019argent\u00a0\u00bb. \u00ab\u00a0Heureusement, j\u2019avais Usu au sein, \u00e7a m\u2019a prot\u00e9g\u00e9e. Mais j\u2019avais une femme enceinte avec moi qu\u2019ils battaient tous les jours. Ils utilisaient m\u00eame des extincteurs\u00a0\u00bb.<\/p>\n<p>\u2013 Mission europ\u00e9enne \u2013<\/p>\n<p>\u00ab\u00a0En prison, on ne nous donnait rien, seules les ONG (comme MSF dont elle reconna\u00eet maintenant les biscuits prot\u00e9in\u00e9s) et la Croix-Rouge nous apportaient \u00e0 manger\u00a0\u00bb, se rem\u00e9more-t-elle.<\/p>\n<p>Elle se souvient qu\u2019un jour \u2014 Bintu est un peu f\u00e2ch\u00e9e avec les dates \u2014 une mission europ\u00e9enne est venue visiter le centre de r\u00e9tention.<\/p>\n<p>\u00ab\u00a0Le chef de la police nous a demand\u00e9 de tout nettoyer pour que les Blancs ne sachent pas qu\u2019on souffre ! Un gardien m\u2019a souffl\u00e9 que j\u2019allais pouvoir raconter mon histoire. Mais ils sont venus escort\u00e9s du directeur\u2026 Alors j\u2019ai souri, ils ont fait des photos et sont repartis\u00a0\u00bb, explique-t-elle en se rappelant sa terreur des repr\u00e9sailles.<\/p>\n<p>L\u2019Europe s\u2019en remet de fait \u00e0 la Libye, pays en guerre, pour bloquer les d\u00e9parts de migrants vers ses c\u00f4tes.<\/p>\n<p>En juillet, le centre o\u00f9 Bintu \u00e9tait retenue a \u00e9t\u00e9 bombard\u00e9 et plus de 50 personnes ont p\u00e9ri. \u00ab\u00a0Le b\u00e2timent des hommes a \u00e9t\u00e9 touch\u00e9, on s\u2019est enfui en marchant sur les cadavres. Les gardes nous ont tir\u00e9 dessus\u00a0\u00bb.<\/p>\n<p>Apr\u00e8s, elle est rest\u00e9e cach\u00e9e chez un Soudanais, jusqu\u2019au d\u00e9part. Quand elle a embarqu\u00e9 mardi soir, vers 22H00 (20H00 GMT), elle ne savait pas nager. Ni que des ONG patrouillaient la M\u00e9diterran\u00e9e centrale.<\/p>\n<p>\u00ab\u00a0On est partis comme \u00e7a !\u00a0\u00bb, dit-elle, \u00e0 peine consciente de la chance qu\u2019elle a eue de voir son embarcation rep\u00e9r\u00e9e.<\/p>\n<p>Bintu ignore o\u00f9 l\u2019Ocean Viking la d\u00e9posera. Pour elle, l\u2019essentiel est d\u2019\u00eatre loin de Tripoli.<\/p>\n<p>Auteur: AFP<br \/>\n<a href=\"https:\/\/www.journalducameroun.com\/sa-traversee-de-lenfer-bintu-la-vecue-en-libye-plus-quen-mer-2\/\">Cliquez ici pour lire l&rsquo;article depuis sa source.<\/a><\/p>\n","protected":false},"excerpt":{"rendered":"<p>Sa travers\u00e9e de l\u2019enfer, Bintu l\u2019a v\u00e9cue en Libye. Cette jeune maman ivoirienne \u00e9tait pr\u00eate \u00e0 mourir en mer plut\u00f4t que de revenir en arri\u00e8re. Secourue vendredi, elle r\u00e9cup\u00e8re avec ses enfants d\u2019un et trois ans \u00e0 bord de l\u2019Ocean Viking, le navire de SOS M\u00e9diterran\u00e9e et MSF. \u00ab\u00a0Les Libyens, c\u2019est la douleur. Que des [&hellip;]<\/p>\n","protected":false},"author":1965,"featured_media":0,"comment_status":"closed","ping_status":"closed","sticky":false,"template":"","format":"standard","meta":{"fifu_image_url":"","fifu_image_alt":"","footnotes":""},"categories":[73,82],"tags":[],"class_list":["post-51320","post","type-post","status-publish","format-standard","hentry","category-actualite","category-cameroun"],"_links":{"self":[{"href":"https:\/\/linitiative.ca\/International\/wp-json\/wp\/v2\/posts\/51320","targetHints":{"allow":["GET"]}}],"collection":[{"href":"https:\/\/linitiative.ca\/International\/wp-json\/wp\/v2\/posts"}],"about":[{"href":"https:\/\/linitiative.ca\/International\/wp-json\/wp\/v2\/types\/post"}],"author":[{"embeddable":true,"href":"https:\/\/linitiative.ca\/International\/wp-json\/wp\/v2\/users\/1965"}],"replies":[{"embeddable":true,"href":"https:\/\/linitiative.ca\/International\/wp-json\/wp\/v2\/comments?post=51320"}],"version-history":[{"count":0,"href":"https:\/\/linitiative.ca\/International\/wp-json\/wp\/v2\/posts\/51320\/revisions"}],"wp:attachment":[{"href":"https:\/\/linitiative.ca\/International\/wp-json\/wp\/v2\/media?parent=51320"}],"wp:term":[{"taxonomy":"category","embeddable":true,"href":"https:\/\/linitiative.ca\/International\/wp-json\/wp\/v2\/categories?post=51320"},{"taxonomy":"post_tag","embeddable":true,"href":"https:\/\/linitiative.ca\/International\/wp-json\/wp\/v2\/tags?post=51320"}],"curies":[{"name":"wp","href":"https:\/\/api.w.org\/{rel}","templated":true}]}}