{"id":51321,"date":"2019-08-11T12:18:04","date_gmt":"2019-08-11T16:18:04","guid":{"rendered":"https:\/\/linitiative.ca\/International\/cameroun-trois-morts-dans-une-attaque-de-boko-haram-a-la-veille-de-leid\/"},"modified":"2019-08-11T12:18:04","modified_gmt":"2019-08-11T16:18:04","slug":"cameroun-trois-morts-dans-une-attaque-de-boko-haram-a-la-veille-de-leid","status":"publish","type":"post","link":"https:\/\/linitiative.ca\/International\/cameroun-trois-morts-dans-une-attaque-de-boko-haram-a-la-veille-de-leid\/","title":{"rendered":"Cameroun: Trois morts dans une attaque de Boko Haram \u00e0 la veille de l\u2019E\u00efd"},"content":{"rendered":"<div readability=\"32\">\n<p>Publi\u00e9 le 11.08.2019 \u00e0 17h18 par APA News<\/p>\n<\/div>\n<div readability=\"64\">\n<p>Au moins trois personnes ont trouv\u00e9 la mort et plusieurs bless\u00e9s enregistr\u00e9s dans une attaque perp\u00e9tr\u00e9e par le groupe Boko Haram dans la localit\u00e9 de Goumouldi, r\u00e9gion de l\u2019Extr\u00eame-nord, a appris dimanche APA de sources s\u00e9curitaires.<\/p>\n<p>L\u2019attaque serait intervenue dans la nuit alors que des riverains s\u2019appr\u00eataient \u00e0 c\u00e9l\u00e9brer la f\u00eate de la Tabaski ce dimanche au Cameroun.<\/p>\n<p>\u00ab Sur place, nous avons enregistr\u00e9 la mort de deux personnes, une troisi\u00e8me victime a succomb\u00e9 \u00e0 ses blessures sur le chemin de l\u2019h\u00f4pital \u00bb, a renseign\u00e9 un membre du Comit\u00e9 de vigilance.<\/p>\n<p>Selon des riverains, juste apr\u00e8s cette incursion, des terroristes qui \u00e9taient une dizaine ont rebrouss\u00e9 chemin vers le Nigeria d\u2019o\u00f9 ils sont venus, \u00e0 l\u2019aide des motos, prenant de cours l\u2019arm\u00e9e camerounaise qui \u00e9tait \u00e0 leur poursuite.<\/p>\n<p>Les autres bless\u00e9s ont \u00e9t\u00e9 pris en charge dans les h\u00f4pitaux de la r\u00e9gion, notamment celui du Bataillon d\u2019intervention rapide (BIR) dont des \u00e9l\u00e9ments ont \u00e9t\u00e9 d\u00e9ploy\u00e9s pour ratisser la zone, a indiqu\u00e9 une source militaire.<\/p>\n<p>Ce renforcement des mesures de s\u00e9curit\u00e9 se comprend et se justifie d\u2019autant qu\u2019en ce jour de c\u00e9l\u00e9bration de la la f\u00eate de la Tabaski, les autorit\u00e9s redoutent des incursions et des attaques suicides de Boko Haram.<\/p>\n<\/div>\n<p>Auteur: APA News<br \/>\n<a href=\"https:\/\/www.journalducameroun.com\/cameroun-trois-morts-dans-une-attaque-de-boko-haram-a-la-veille-de-leid\/\">Cliquez ici pour lire l&rsquo;article depuis sa source.<\/a><\/p>\n","protected":false},"excerpt":{"rendered":"<p>Publi\u00e9 le 11.08.2019 \u00e0 17h18 par APA News Au moins trois personnes ont trouv\u00e9 la mort et plusieurs bless\u00e9s enregistr\u00e9s dans une attaque perp\u00e9tr\u00e9e par le groupe Boko Haram dans la localit\u00e9 de Goumouldi, r\u00e9gion de l\u2019Extr\u00eame-nord, a appris dimanche APA de sources s\u00e9curitaires. L\u2019attaque serait intervenue dans la nuit alors que des riverains s\u2019appr\u00eataient [&hellip;]<\/p>\n","protected":false},"author":1965,"featured_media":0,"comment_status":"closed","ping_status":"closed","sticky":false,"template":"","format":"standard","meta":{"fifu_image_url":"","fifu_image_alt":"","footnotes":""},"categories":[73,82],"tags":[],"class_list":["post-51321","post","type-post","status-publish","format-standard","hentry","category-actualite","category-cameroun"],"_links":{"self":[{"href":"https:\/\/linitiative.ca\/International\/wp-json\/wp\/v2\/posts\/51321","targetHints":{"allow":["GET"]}}],"collection":[{"href":"https:\/\/linitiative.ca\/International\/wp-json\/wp\/v2\/posts"}],"about":[{"href":"https:\/\/linitiative.ca\/International\/wp-json\/wp\/v2\/types\/post"}],"author":[{"embeddable":true,"href":"https:\/\/linitiative.ca\/International\/wp-json\/wp\/v2\/users\/1965"}],"replies":[{"embeddable":true,"href":"https:\/\/linitiative.ca\/International\/wp-json\/wp\/v2\/comments?post=51321"}],"version-history":[{"count":0,"href":"https:\/\/linitiative.ca\/International\/wp-json\/wp\/v2\/posts\/51321\/revisions"}],"wp:attachment":[{"href":"https:\/\/linitiative.ca\/International\/wp-json\/wp\/v2\/media?parent=51321"}],"wp:term":[{"taxonomy":"category","embeddable":true,"href":"https:\/\/linitiative.ca\/International\/wp-json\/wp\/v2\/categories?post=51321"},{"taxonomy":"post_tag","embeddable":true,"href":"https:\/\/linitiative.ca\/International\/wp-json\/wp\/v2\/tags?post=51321"}],"curies":[{"name":"wp","href":"https:\/\/api.w.org\/{rel}","templated":true}]}}