{"id":51322,"date":"2019-08-11T12:50:02","date_gmt":"2019-08-11T16:50:02","guid":{"rendered":"https:\/\/linitiative.ca\/International\/yemen-larabie-saoudite-frappe-les-separatistes-du-sud-apres-des-combats-meurtriers\/"},"modified":"2019-08-11T12:50:02","modified_gmt":"2019-08-11T16:50:02","slug":"yemen-larabie-saoudite-frappe-les-separatistes-du-sud-apres-des-combats-meurtriers","status":"publish","type":"post","link":"https:\/\/linitiative.ca\/International\/yemen-larabie-saoudite-frappe-les-separatistes-du-sud-apres-des-combats-meurtriers\/","title":{"rendered":"Y\u00e9men: l\u2019Arabie saoudite frappe les s\u00e9paratistes du sud apr\u00e8s des combats meurtriers"},"content":{"rendered":"<p>L\u2019Arabie saoudite a men\u00e9 t\u00f4t dimanche des frappes \u00e0 Aden contre des s\u00e9paratistes du sud Y\u00e9men, pourtant suppos\u00e9s \u00eatre ses alli\u00e9s, apr\u00e8s des combats ayant fait 40 morts qui plongent davantage le pays en guerre dans le chaos.<\/p>\n<p>Le bilan de 40 morts et 260 bless\u00e9s, dont de nombreux civils, a \u00e9t\u00e9 annonc\u00e9 par l\u2019ONU qui s\u2019est inqui\u00e9t\u00e9e d\u2019une aggravation de la crise humanitaire au Y\u00e9men.<\/p>\n<p>\u00ab\u00a0Il est douloureux de constater que pendant l\u2019A\u00efd al-Adha, les familles pleurent la mort de leurs proches au lieu de c\u00e9l\u00e9brer (cette f\u00eate) dans la paix et l\u2019harmonie\u00a0\u00bb, a d\u00e9clar\u00e9 Lise Grande, coordinatrice humanitaire de l\u2019ONU.<\/p>\n<p>Des combats entre s\u00e9paratistes r\u00e9clamant l\u2019ind\u00e9pendance du sud Y\u00e9men et unit\u00e9s gouvernementales, soutenues par l\u2019Arabie saoudite, ont \u00e9clat\u00e9 mercredi dans la grande ville portuaire d\u2019Aden.<\/p>\n<p>Ils sont venus s\u2019ajouter \u00e0 la guerre principale qui oppose depuis pr\u00e8s de cinq ans les rebelles chiites Houthis au gouvernement du Y\u00e9men, soutenu par une coalition militaire men\u00e9e par l\u2019Arabie saoudite.<\/p>\n<p>Dimanche, cette coalition a men\u00e9 une frappe contre des s\u00e9paratistes qui s\u2019\u00e9taient empar\u00e9s la veille du palais pr\u00e9sidentiel \u00e0 Aden et de trois casernes, leur intimant de s\u2019en retirer.<\/p>\n<p>Le gouvernement du Y\u00e9men a qualifi\u00e9 de \u00ab\u00a0coup d\u2019Etat\u00a0\u00bb l\u2019action des s\u00e9paratistes du sud qui luttaient pourtant aux c\u00f4t\u00e9s de la coalition antirebelles.<\/p>\n<p>\u2013 Le roi saoudien s\u2019implique \u2013<\/p>\n<p>M\u00eame si le pr\u00e9sident y\u00e9m\u00e9nite Abd Rabbo Mansour Hadi vit \u00e0 Ryad, la prise du palais pr\u00e9sidentiel n\u2019en demeure pas moins symbolique, Aden \u00e9tant la capitale provisoire depuis que les Houthis, des rebelles issus du Nord, se sont empar\u00e9s de vastes portions du territoire, dont la capitale Sanaa, il y a pr\u00e8s de cinq ans.<\/p>\n<p>La situation au Y\u00e9men a \u00e9t\u00e9 au centre d\u2019un entretien dimanche \u00e0 La Mecque entre le roi saoudien Salmane et le pr\u00e9sident Hadi, a annonc\u00e9 l\u2019agence officielle saoudienne SPA.<\/p>\n<p>La rencontre s\u2019est d\u00e9roul\u00e9e en pr\u00e9sence du ministre saoudien de l\u2019Int\u00e9rieur et du chef des renseignements.<\/p>\n<p>\u00ab\u00a0Selon des informations pr\u00e9liminaires, 40 personnes ont \u00e9t\u00e9 tu\u00e9es et 260 bless\u00e9es depuis le 8 ao\u00fbt\u00a0\u00bb \u00e0 Aden, dont de nombreux civils, a pr\u00e9cis\u00e9 la coordinatrice de l\u2019ONU.<\/p>\n<p>M\u00e9decins sans fronti\u00e8res a indiqu\u00e9 avoir admis 119 bless\u00e9s en 24 heures dans un de ses h\u00f4pitaux.<\/p>\n<p>Les organisations humanitaires continuent de fonctionner \u00e0 Aden o\u00f9 1,9 million de personnes re\u00e7oivent une aide alimentaire chaque mois, a indiqu\u00e9 Mme Grande, appelant les bellig\u00e9rants \u00e0 \u00ab\u00a0tout faire pour prot\u00e9ger les civils\u00a0\u00bb.<\/p>\n<p>\u2013 Crise latente \u2013<\/p>\n<p>Le port d\u2019Aden est l\u2019une des principales portes d\u2019entr\u00e9e des marchandises commerciales et humanitaires au Y\u00e9men, a rappel\u00e9 l\u2019ONU.<\/p>\n<p>En raison de la guerre qui fait rage entre les Houthis et le camp antirebelles, le Y\u00e9men conna\u00eet d\u00e9j\u00e0 la pire crise humanitaire au monde. Pr\u00e8s de 80% de la population totale, soit 24,1 millions de personnes, ont besoin d\u2019assistance, selon les Nations unies.<\/p>\n<p>Selon des habitants, la situation \u00e9tait toutefois calme dimanche \u00e0 Aden, premier jour de la f\u00eate musulmane de l\u2019A\u00efd al-Adha. Les rues se sont anim\u00e9es \u00e0 mesure que l\u2019heure avan\u00e7ait et de nombreux habitants sont sortis en famille, selon un correspondant de l\u2019AFP.<\/p>\n<p>Il y avait cependant dans certains quartiers des b\u00e2timents et des v\u00e9hicules calcin\u00e9s.<\/p>\n<p>Les circonstances du d\u00e9clenchement des hostilit\u00e9s entre s\u00e9paratistes et unit\u00e9s gouvernementales restent floues, mais des responsables s\u00e9paratistes ont accus\u00e9 le parti islamiste Al-Islah d\u2019avoir tu\u00e9 un de leurs commandants.<\/p>\n<p>Et selon eux, Al-Islah a infiltr\u00e9 le gouvernement Hadi, tenu \u00e0 bout de bras politiquement et financi\u00e8rement par l\u2019Arabie saoudite.<\/p>\n<p>Le vice-ministre saoudien de la D\u00e9fense, Khaled ben Salmane, l\u2019un des fils du roi, a r\u00e9affirm\u00e9 le soutien de Ryad au \u00ab\u00a0gouvernement l\u00e9gitime du Y\u00e9men\u00a0\u00bb et a soulign\u00e9 la n\u00e9cessit\u00e9 de \u00ab\u00a0pr\u00e9server l\u2019unit\u00e9 et la stabilit\u00e9\u00a0\u00bb du pays.<\/p>\n<p>Le Y\u00e9men du Sud \u00e9tait un Etat ind\u00e9pendant jusqu\u2019en 1990. Dans le sud, existe toujours un fort ressentiment contre les Y\u00e9m\u00e9nites originaires du Nord, accus\u00e9s d\u2019avoir impos\u00e9 par la force l\u2019unification du pays.<\/p>\n<p>\u2013 \u00ab\u00a0Pas sous la menace\u00a0\u00bb \u2013<\/p>\n<p>Les affrontements meurtriers \u00e0 Aden ont mis \u00e0 nu des divisions entre les deux piliers de la coalition soutenant le gouvernement y\u00e9m\u00e9nite: l\u2019Arabie saoudite et les Emirats arabes unis.<\/p>\n<p>Le minist\u00e8re y\u00e9m\u00e9nite des Affaires \u00e9trang\u00e8res a accus\u00e9 les Emirats d\u2019\u00eatre \u00ab\u00a0responsables du coup d\u2019Etat\u00a0\u00bb \u00e0 Aden. Les Emirats ont form\u00e9 la force \u00ab\u00a0Cordon de s\u00e9curit\u00e9\u00a0\u00bb, li\u00e9e aux s\u00e9paratistes et directement impliqu\u00e9e dans la prise des casernes et du palais pr\u00e9sidentiel.<\/p>\n<p>La coalition a quant \u00e0 elle appel\u00e9 \u00e0 une \u00ab\u00a0r\u00e9union d\u2019urgence\u00a0\u00bb des parties en conflit en Arabie saoudite.<\/p>\n<p>Dimanche, le Conseil de transition du sud (STC, s\u00e9paratistes) a indiqu\u00e9 \u00eatre dispos\u00e9 au dialogue, mais pas \u00ab\u00a0sous la menace\u00a0\u00bb, a soulign\u00e9 son vice-pr\u00e9sident Hani ben Breik.<\/p>\n<p>Ce n\u2019est pas la premi\u00e8re fois que les s\u00e9paratistes du Sud s\u2019opposent aux unit\u00e9s loyales au pr\u00e9sident Hadi. En janvier 2018, des combats entre eux avaient fait au moins 38 morts.<\/p>\n<p>Le Y\u00e9men est \u00e0 pr\u00e9sent confront\u00e9 au risque d\u2019une \u00ab\u00a0guerre civile dans la guerre civile\u00a0\u00bb, a estim\u00e9 le centre de r\u00e9flexion sur les conflits International Crisis Group (ICG).<\/p>\n<p>Auteur: AFP<br \/>\n<a href=\"https:\/\/www.journalducameroun.com\/yemen-larabie-saoudite-frappe-les-separatistes-du-sud-apres-des-combats-meurtriers\/\">Cliquez ici pour lire l&rsquo;article depuis sa source.<\/a><\/p>\n","protected":false},"excerpt":{"rendered":"<p>L\u2019Arabie saoudite a men\u00e9 t\u00f4t dimanche des frappes \u00e0 Aden contre des s\u00e9paratistes du sud Y\u00e9men, pourtant suppos\u00e9s \u00eatre ses alli\u00e9s, apr\u00e8s des combats ayant fait 40 morts qui plongent davantage le pays en guerre dans le chaos. Le bilan de 40 morts et 260 bless\u00e9s, dont de nombreux civils, a \u00e9t\u00e9 annonc\u00e9 par l\u2019ONU [&hellip;]<\/p>\n","protected":false},"author":1965,"featured_media":0,"comment_status":"closed","ping_status":"closed","sticky":false,"template":"","format":"standard","meta":{"fifu_image_url":"","fifu_image_alt":"","footnotes":""},"categories":[73,82],"tags":[],"class_list":["post-51322","post","type-post","status-publish","format-standard","hentry","category-actualite","category-cameroun"],"_links":{"self":[{"href":"https:\/\/linitiative.ca\/International\/wp-json\/wp\/v2\/posts\/51322","targetHints":{"allow":["GET"]}}],"collection":[{"href":"https:\/\/linitiative.ca\/International\/wp-json\/wp\/v2\/posts"}],"about":[{"href":"https:\/\/linitiative.ca\/International\/wp-json\/wp\/v2\/types\/post"}],"author":[{"embeddable":true,"href":"https:\/\/linitiative.ca\/International\/wp-json\/wp\/v2\/users\/1965"}],"replies":[{"embeddable":true,"href":"https:\/\/linitiative.ca\/International\/wp-json\/wp\/v2\/comments?post=51322"}],"version-history":[{"count":0,"href":"https:\/\/linitiative.ca\/International\/wp-json\/wp\/v2\/posts\/51322\/revisions"}],"wp:attachment":[{"href":"https:\/\/linitiative.ca\/International\/wp-json\/wp\/v2\/media?parent=51322"}],"wp:term":[{"taxonomy":"category","embeddable":true,"href":"https:\/\/linitiative.ca\/International\/wp-json\/wp\/v2\/categories?post=51322"},{"taxonomy":"post_tag","embeddable":true,"href":"https:\/\/linitiative.ca\/International\/wp-json\/wp\/v2\/tags?post=51322"}],"curies":[{"name":"wp","href":"https:\/\/api.w.org\/{rel}","templated":true}]}}