{"id":51324,"date":"2019-08-11T14:18:03","date_gmt":"2019-08-11T18:18:03","guid":{"rendered":"https:\/\/linitiative.ca\/International\/burkina-la-tabaski-celebree-a-ouagadougou-sous-le-signe-de-la-cohesion-sociale\/"},"modified":"2019-08-11T14:18:03","modified_gmt":"2019-08-11T18:18:03","slug":"burkina-la-tabaski-celebree-a-ouagadougou-sous-le-signe-de-la-cohesion-sociale","status":"publish","type":"post","link":"https:\/\/linitiative.ca\/International\/burkina-la-tabaski-celebree-a-ouagadougou-sous-le-signe-de-la-cohesion-sociale\/","title":{"rendered":"Burkina: La Tabaski c\u00e9l\u00e9br\u00e9e \u00e0 Ouagadougou sous le signe de la coh\u00e9sion sociale"},"content":{"rendered":"<div readability=\"32\">\n<p>Publi\u00e9 le 11.08.2019 \u00e0 19h18 par APA News<\/p>\n<\/div>\n<div readability=\"81\">\n<p>Les fid\u00e8les musulmans du Burkina Faso ont c\u00e9l\u00e9br\u00e9 ce dimanche, la f\u00eate de l\u2019A\u00efd el-k\u00e9bir ou f\u00eate de Tabaski, au cours de laquelle, ils ont implor\u00e9 Allah pour une paix durable et la coh\u00e9sion sociale dans le pays.A Ouagadougou, c\u2019est la place de la Nation, au centre de la capitale burkinab\u00e8 qui a accueilli la grande pri\u00e8re.<\/p>\n<p>Dans son sermon, l\u2019imam \u00a0El hadj Mohamadi Kiemtor\u00e9 \u00a0a livr\u00e9 un \u00a0message de coh\u00e9sion, de fraternit\u00e9 et surtout de solidarit\u00e9 avec les personnes qui sont \u00a0\u00e9prouv\u00e9es par les questions s\u00e9curitaires.<\/p>\n<p>Il a \u00a0relev\u00e9 cette f\u00eate doit permettre \u00e0 ces personnes (ndlr d\u00e9plac\u00e9es) qui sont dans une situation de vuln\u00e9rabilit\u00e9 de vivre comme s\u2019ils n\u2019avaient pas quitt\u00e9 leurs localit\u00e9s notamment en pensant \u00a0\u00e0 eux.<\/p>\n<p>El hadj Ahmad\u00e9 Nour Guenda qui commentait le sermon de l\u2019imam, a pr\u00e9cis\u00e9 qu\u2019il a aussi \u00a0rappel\u00e9 aux musulmans \u00a0que l\u2019A\u00efd el-k\u00e9bir \u00a0est une f\u00eate de \u00a0soumission et \u00a0qui \u00a0parle de soumission parle de l\u2019amour, du \u00a0bien \u00eatre \u00a0pour son prochain.<\/p>\n<p>Depuis quelques ann\u00e9es le Burkina Faso connait une recrudescence des attaques terroristes dans plusieurs \u00a0localit\u00e9s, entrainant des d\u00e9plac\u00e9s \u00e0 l\u2019int\u00e9rieur du pays.<\/p>\n<p>Plus de \u00a0 230 mille d\u00e9plac\u00e9s internes ont \u00e9t\u00e9 \u00a0enregistr\u00e9s \u00e0 la date du 31 juillet, selon le Bureau de la coordination des affaires humanitaires des Nations unies (OCHA).<\/p>\n<p>Le Premier ministre, Christophe Dabir\u00e9 pr\u00e9sent \u00e0 cette \u00a0pri\u00e8re a remerci\u00e9 l\u2019ensemble de la communaut\u00e9 musulmane pour les b\u00e9n\u00e9dictions \u00a0de paix \u00a0\u00e0 l\u2019endroit du peuple burkinab\u00e8.<\/p>\n<p>Il a \u00a0\u00e9galement fait remarquer que sa \u00a0pr\u00e9sence t\u00e9moigne de \u00a0l\u2019int\u00e9r\u00eat que le gouvernement accorde \u00e0 toutes les actions que les communaut\u00e9s religieuses d\u00e9veloppent en faveur de \u00a0la paix et la coh\u00e9sion \u00a0sociale \u00a0afin de \u00a0travailler pour le d\u00e9veloppement \u00e9conomique et social.<\/p>\n<p>Pour sa part, le \u00a0cardinal Philippe Ou\u00e9draogo qui \u00e9tait aussi pr\u00e9sent sur le lieu de la pri\u00e8re, a invit\u00e9 \u00a0toutes \u00a0les confessions religieuses \u00a0\u00e0 \u00a0\u00abfaire quelque chose pour retrouver la paix et la qui\u00e9tude pour un vivre ensemble fraternel et harmonieux\u00bb.<\/p>\n<p>Le Burkina Faso est un pays compos\u00e9 \u00e0 60% de musulmans qui vivent en harmonie \u00a0avec les \u00a0autres confessions religieuses.<\/p>\n<\/div>\n<p>Auteur: APA News<br \/>\n<a href=\"https:\/\/www.journalducameroun.com\/burkina-la-tabaski-celebree-a-ouagadougou-sous-le-signe-de-la-cohesion-sociale\/\">Cliquez ici pour lire l&rsquo;article depuis sa source.<\/a><\/p>\n","protected":false},"excerpt":{"rendered":"<p>Publi\u00e9 le 11.08.2019 \u00e0 19h18 par APA News Les fid\u00e8les musulmans du Burkina Faso ont c\u00e9l\u00e9br\u00e9 ce dimanche, la f\u00eate de l\u2019A\u00efd el-k\u00e9bir ou f\u00eate de Tabaski, au cours de laquelle, ils ont implor\u00e9 Allah pour une paix durable et la coh\u00e9sion sociale dans le pays.A Ouagadougou, c\u2019est la place de la Nation, au centre [&hellip;]<\/p>\n","protected":false},"author":1965,"featured_media":0,"comment_status":"closed","ping_status":"closed","sticky":false,"template":"","format":"standard","meta":{"fifu_image_url":"","fifu_image_alt":"","footnotes":""},"categories":[73,82],"tags":[],"class_list":["post-51324","post","type-post","status-publish","format-standard","hentry","category-actualite","category-cameroun"],"_links":{"self":[{"href":"https:\/\/linitiative.ca\/International\/wp-json\/wp\/v2\/posts\/51324","targetHints":{"allow":["GET"]}}],"collection":[{"href":"https:\/\/linitiative.ca\/International\/wp-json\/wp\/v2\/posts"}],"about":[{"href":"https:\/\/linitiative.ca\/International\/wp-json\/wp\/v2\/types\/post"}],"author":[{"embeddable":true,"href":"https:\/\/linitiative.ca\/International\/wp-json\/wp\/v2\/users\/1965"}],"replies":[{"embeddable":true,"href":"https:\/\/linitiative.ca\/International\/wp-json\/wp\/v2\/comments?post=51324"}],"version-history":[{"count":0,"href":"https:\/\/linitiative.ca\/International\/wp-json\/wp\/v2\/posts\/51324\/revisions"}],"wp:attachment":[{"href":"https:\/\/linitiative.ca\/International\/wp-json\/wp\/v2\/media?parent=51324"}],"wp:term":[{"taxonomy":"category","embeddable":true,"href":"https:\/\/linitiative.ca\/International\/wp-json\/wp\/v2\/categories?post=51324"},{"taxonomy":"post_tag","embeddable":true,"href":"https:\/\/linitiative.ca\/International\/wp-json\/wp\/v2\/tags?post=51324"}],"curies":[{"name":"wp","href":"https:\/\/api.w.org\/{rel}","templated":true}]}}