{"id":51325,"date":"2019-08-11T15:18:02","date_gmt":"2019-08-11T19:18:02","guid":{"rendered":"https:\/\/linitiative.ca\/International\/la-tabaski-sous-le-signe-de-la-paix-et-de-lunite-au-cameroun\/"},"modified":"2019-08-11T15:18:02","modified_gmt":"2019-08-11T19:18:02","slug":"la-tabaski-sous-le-signe-de-la-paix-et-de-lunite-au-cameroun","status":"publish","type":"post","link":"https:\/\/linitiative.ca\/International\/la-tabaski-sous-le-signe-de-la-paix-et-de-lunite-au-cameroun\/","title":{"rendered":"La Tabaski sous le signe de la paix et de l\u2019unit\u00e9 au Cameroun"},"content":{"rendered":"<div readability=\"32\">\n<p>Publi\u00e9 le 11.08.2019 \u00e0 20h18 par APA News<\/p>\n<\/div>\n<div readability=\"84\">\n<p>Des appels \u00e0 la paix et \u00e0 l\u2019unit\u00e9 ont domin\u00e9 les pr\u00e9dications \u00e0 l\u2019occasion de la c\u00e9l\u00e9bration ce dimanche de la f\u00eate de la Tabaski au Cameroun.Tr\u00e8s t\u00f4t dans la matin\u00e9e, aid\u00e9s par le soleil plut\u00f4t au rendez-vous aujourd\u2019hui apr\u00e8s cinq jours ininterrompus de la pluie \u00e0 Douala, des milliers de fid\u00e8les musulmans ont pris d\u2019assaut les mosqu\u00e9es et autres lieux de pri\u00e8re am\u00e9nag\u00e9s pour la circonstance, pour r\u00e9affirmer leur foi \u00e0 Allah.<\/p>\n<p>A la mosqu\u00e9e Centrale de Douala o\u00f9 se sont donn\u00e9 rendez-vous des centaines de personnes, l\u2019imam Malick Farouk a invit\u00e9 les musulmans et les non musulmans \u00e0 pr\u00e9server la paix, et \u00e0 \u0153uvrer sans rel\u00e2che pour l\u2019unit\u00e9 des enfants de Dieu.<\/p>\n<p>\u00ab Nous appelons les Camerounais en g\u00e9n\u00e9ral et la communaut\u00e9 musulmane en particulier \u00e0 promouvoir l\u2019unit\u00e9 nationale, la s\u00e9curit\u00e9 et le vivre ensemble \u00bb, a-t-il indiqu\u00e9.<\/p>\n<p>Raison pour laquelle des intentions de pri\u00e8res ont \u00e9t\u00e9 adress\u00e9es dans ce sens \u00e0 travers le pays, question de permettre aux enfants de ce pays de \u00ab pr\u00e9server ces acquis qui n\u2019ont pas de prix \u00bb, a-t-il insist\u00e9.<\/p>\n<p>Des propos qui rejoignent ceux de Bouba Go\u00ef Go\u00ef, imam de la mosqu\u00e9e du Complexe islamique de Tsinga, pour qui \u00ab notre pays traverse une crise, et c\u2019est pour cela que nous insistons toujours sur le sujet \u00bb.<\/p>\n<p>En tout \u00e9tat de cause, les pr\u00e9dicateurs ont pri\u00e9 pour la paix dans le monde entier, pour que des enfants de Dieu cessent de s\u2019entre-tuer et de s\u2019autod\u00e9truire.<\/p>\n<p>\u00ab Nous prions Allah afin de nous pr\u00e9server du mal, de pr\u00e9server nos familles, notre soci\u00e9t\u00e9 et notre pays tout entier \u00bb, a ajout\u00e9 le guide religieux.<\/p>\n<p>Dans les diff\u00e9rentes pr\u00eaches, il a a \u00e9t\u00e9 rappel\u00e9 la signification de la f\u00eate du sacrifice o\u00f9 Abraham, ob\u00e9issant \u00e0 Dieu a voulu sacrifier son fils Isma\u00ebl et juste au moment o\u00f9 il approchait son couteau de son fils, une voix l\u2019arr\u00eata : \u00ab \u00d4 Abraham ! Tu as r\u00e9alis\u00e9 ce que tu avais vu en songe. C\u2019est ainsi que nous r\u00e9compensons les bienfaisants. \u00bb<\/p>\n<p>Cette soumission et cette confiance absolue en Dieu que comm\u00e9morent chaque ann\u00e9e des millions de musulmans.<\/p>\n<\/div>\n<p>Auteur: APA News<br \/>\n<a href=\"https:\/\/www.journalducameroun.com\/la-tabaski-sous-le-signe-de-la-paix-et-de-lunite-au-cameroun\/\">Cliquez ici pour lire l&rsquo;article depuis sa source.<\/a><\/p>\n","protected":false},"excerpt":{"rendered":"<p>Publi\u00e9 le 11.08.2019 \u00e0 20h18 par APA News Des appels \u00e0 la paix et \u00e0 l\u2019unit\u00e9 ont domin\u00e9 les pr\u00e9dications \u00e0 l\u2019occasion de la c\u00e9l\u00e9bration ce dimanche de la f\u00eate de la Tabaski au Cameroun.Tr\u00e8s t\u00f4t dans la matin\u00e9e, aid\u00e9s par le soleil plut\u00f4t au rendez-vous aujourd\u2019hui apr\u00e8s cinq jours ininterrompus de la pluie \u00e0 [&hellip;]<\/p>\n","protected":false},"author":1965,"featured_media":0,"comment_status":"closed","ping_status":"closed","sticky":false,"template":"","format":"standard","meta":{"fifu_image_url":"","fifu_image_alt":"","footnotes":""},"categories":[73,82],"tags":[],"class_list":["post-51325","post","type-post","status-publish","format-standard","hentry","category-actualite","category-cameroun"],"_links":{"self":[{"href":"https:\/\/linitiative.ca\/International\/wp-json\/wp\/v2\/posts\/51325","targetHints":{"allow":["GET"]}}],"collection":[{"href":"https:\/\/linitiative.ca\/International\/wp-json\/wp\/v2\/posts"}],"about":[{"href":"https:\/\/linitiative.ca\/International\/wp-json\/wp\/v2\/types\/post"}],"author":[{"embeddable":true,"href":"https:\/\/linitiative.ca\/International\/wp-json\/wp\/v2\/users\/1965"}],"replies":[{"embeddable":true,"href":"https:\/\/linitiative.ca\/International\/wp-json\/wp\/v2\/comments?post=51325"}],"version-history":[{"count":0,"href":"https:\/\/linitiative.ca\/International\/wp-json\/wp\/v2\/posts\/51325\/revisions"}],"wp:attachment":[{"href":"https:\/\/linitiative.ca\/International\/wp-json\/wp\/v2\/media?parent=51325"}],"wp:term":[{"taxonomy":"category","embeddable":true,"href":"https:\/\/linitiative.ca\/International\/wp-json\/wp\/v2\/categories?post=51325"},{"taxonomy":"post_tag","embeddable":true,"href":"https:\/\/linitiative.ca\/International\/wp-json\/wp\/v2\/tags?post=51325"}],"curies":[{"name":"wp","href":"https:\/\/api.w.org\/{rel}","templated":true}]}}