{"id":51368,"date":"2019-08-12T13:55:00","date_gmt":"2019-08-12T17:55:00","guid":{"rendered":"https:\/\/linitiative.ca\/International\/dialogue-national-le-ffs-reitere-ses-conditions\/"},"modified":"2019-08-12T13:55:00","modified_gmt":"2019-08-12T17:55:00","slug":"dialogue-national-le-ffs-reitere-ses-conditions","status":"publish","type":"post","link":"https:\/\/linitiative.ca\/International\/dialogue-national-le-ffs-reitere-ses-conditions\/","title":{"rendered":"DIALOGUE NATIONAL  : Le FFS r\u00e9it\u00e8re ses conditions"},"content":{"rendered":"<p><br id=\"sep_para_1\" class=\"sep_para access\"\/><\/p>\n<div id=\"para_1\" class=\"para_32524554 resize\">\n<div class=\"texte access firstletter\">\u00a0\u00ab Il est maintenant temps de se joindre \u00e0 un processus de remplacement s\u00e9rieux qui s\u2019adapte \u00e0 la r\u00e9alit\u00e9 alg\u00e9rienne sans ing\u00e9rence de Forces \u00e9trang\u00e8res \u2026. \u00bb Le FFS continuera de lutter jusqu\u2019\u00e0 l\u2019\u00e9dification de la deuxi\u00e8me R\u00e9publique et de l\u2019Etat de droit et des libert\u00e9s \u00bb, lit-on dans la d\u00e9claration. Le parti du front des forces socialistes salue \u00e9galement et f\u00e9licite le peuple alg\u00e9rien pour sa d\u00e9termination courageuse et son incroyable sens d\u2019un engagement pacifique et uni. \u00ab Ni les conditions climatiques extr\u00eames, les obstacles \u00e0 la s\u00e9curit\u00e9 de la libert\u00e9 de circulation et d\u2019expression, ni les appels malveillants des man\u0153uvres pour changer les objectifs initiaux de ce don populaire n\u2019ont chang\u00e9 l\u2019objectif de la r\u00e9volution populaire depuis le 22 f\u00e9vrier. Il est certain que des millions d\u2019Alg\u00e9riens s\u2019opposent cat\u00e9goriquement \u00e0 ces tentatives diaboliques et malveillantes de les impliquer dans des conflits, qui ont pris une dimension spectaculaire et dangereuse, dont les cons\u00e9quences seront catastrophiques pour le pays \u00bb, ajoute-t-on.<\/div>\n<\/div>\n<p>Auteur: Ismain<br \/>\n<a href=\"https:\/\/www.reflexiondz.net\/DIALOGUE-NATIONAL-Le-FFS-reitere-ses-conditions_a57087.html\">Cliquez ici pour lire l&rsquo;article depuis sa source.<\/a><\/p>\n","protected":false},"excerpt":{"rendered":"<p>\u00a0\u00ab Il est maintenant temps de se joindre \u00e0 un processus de remplacement s\u00e9rieux qui s\u2019adapte \u00e0 la r\u00e9alit\u00e9 alg\u00e9rienne sans ing\u00e9rence de Forces \u00e9trang\u00e8res \u2026. \u00bb Le FFS continuera de lutter jusqu\u2019\u00e0 l\u2019\u00e9dification de la deuxi\u00e8me R\u00e9publique et de l\u2019Etat de droit et des libert\u00e9s \u00bb, lit-on dans la d\u00e9claration. Le parti du front [&hellip;]<\/p>\n","protected":false},"author":1740,"featured_media":0,"comment_status":"closed","ping_status":"closed","sticky":false,"template":"","format":"standard","meta":{"fifu_image_url":"","fifu_image_alt":"","footnotes":""},"categories":[53,76],"tags":[],"class_list":["post-51368","post","type-post","status-publish","format-standard","hentry","category-algerie","category-regions"],"_links":{"self":[{"href":"https:\/\/linitiative.ca\/International\/wp-json\/wp\/v2\/posts\/51368","targetHints":{"allow":["GET"]}}],"collection":[{"href":"https:\/\/linitiative.ca\/International\/wp-json\/wp\/v2\/posts"}],"about":[{"href":"https:\/\/linitiative.ca\/International\/wp-json\/wp\/v2\/types\/post"}],"author":[{"embeddable":true,"href":"https:\/\/linitiative.ca\/International\/wp-json\/wp\/v2\/users\/1740"}],"replies":[{"embeddable":true,"href":"https:\/\/linitiative.ca\/International\/wp-json\/wp\/v2\/comments?post=51368"}],"version-history":[{"count":0,"href":"https:\/\/linitiative.ca\/International\/wp-json\/wp\/v2\/posts\/51368\/revisions"}],"wp:attachment":[{"href":"https:\/\/linitiative.ca\/International\/wp-json\/wp\/v2\/media?parent=51368"}],"wp:term":[{"taxonomy":"category","embeddable":true,"href":"https:\/\/linitiative.ca\/International\/wp-json\/wp\/v2\/categories?post=51368"},{"taxonomy":"post_tag","embeddable":true,"href":"https:\/\/linitiative.ca\/International\/wp-json\/wp\/v2\/tags?post=51368"}],"curies":[{"name":"wp","href":"https:\/\/api.w.org\/{rel}","templated":true}]}}