{"id":51369,"date":"2019-08-12T13:55:00","date_gmt":"2019-08-12T17:55:00","guid":{"rendered":"https:\/\/linitiative.ca\/International\/ayant-du-retard-a-rembourser-leurs-credits-de-jeunes-promoteurs-dans-lembarras-a-sidi-bel-abbes\/"},"modified":"2019-08-12T13:55:00","modified_gmt":"2019-08-12T17:55:00","slug":"ayant-du-retard-a-rembourser-leurs-credits-de-jeunes-promoteurs-dans-lembarras-a-sidi-bel-abbes","status":"publish","type":"post","link":"https:\/\/linitiative.ca\/International\/ayant-du-retard-a-rembourser-leurs-credits-de-jeunes-promoteurs-dans-lembarras-a-sidi-bel-abbes\/","title":{"rendered":"AYANT DU RETARD A REMBOURSER LEURS CREDITS : De jeunes promoteurs dans l\u2019embarras \u00e0 Sidi Bel Abbes"},"content":{"rendered":"<p><br id=\"sep_para_1\" class=\"sep_para access\"\/><\/p>\n<div id=\"para_1\" class=\"para_32524518 resize\">\n<div class=\"texte access firstletter\">Une d\u00e9marche qui a mis dans l\u2019\u00e9moi de nombreux promoteurs lorsqu\u2019ils ont re\u00e7u la visite des huissiers d\u00e9ploy\u00e9s pour r\u00e9quisitionner le mat\u00e9riel, ce qui les a pouss\u00e9s \u00e0 interpeler les instances concern\u00e9es \u00e0 respecter la d\u00e9cision du gouvernement qui stipule le gel temporaire des poursuites judiciaires et des saisies de mat\u00e9riels engag\u00e9es par les banques. Les banques qui n\u2019ont pas r\u00e9ussi \u00e0 recouvrer leurs dettes aupr\u00e8s des promoteurs, ayant b\u00e9n\u00e9fici\u00e9 du soutien de l\u2019agence nationale de l\u2019emploi des jeunes et de la Caisse nationale de l\u2019assurance ch\u00f4mage, et apr\u00e8s r\u00e9\u00e9chelonnement de la dette, ont proc\u00e9d\u00e9 \u00e0 la saisie du mat\u00e9riel et des v\u00e9hicules attribu\u00e9s aux investisseurs r\u00e9calcitrants. Pour les b\u00e9n\u00e9ficiaires, les projets de transport dans leur majorit\u00e9 \u00e9taient d\u00e9faillants. Ils n\u2019ont pu r\u00e9aliser de b\u00e9n\u00e9fice, bien au contraire, ils les ont enfonc\u00e9s dans les dettes, a-t-on d\u00e9plor\u00e9. Pour des chefs de famille pour la plupart, leur vie est devenue p\u00e9nible. Ils ne parviennent plus \u00e0 subvenir aux exigences quotidiennes de leurs enfants et, au moment o\u00f9 ils esp\u00e9raient fuir la mis\u00e8re en optant aux cr\u00e9dits bancaires, ils se retrouvent endett\u00e9s, en plus des dettes des imp\u00f4ts et des caisses d\u2019assurances et les lourdes p\u00e9nalit\u00e9s de retard qui leur sont inflig\u00e9es. Ces promoteurs se retrouvent, aujourd\u2019hui, avec des entreprises en faillite et une incapacit\u00e9 totale \u00e0 rembourser leurs cr\u00e9dits bancaires et \u00e0 payer leurs imp\u00f4ts. Dans l\u2019embarras, ils attendent une intervention du wali et des directeurs de l\u2019Ansej et de la Cnac aupr\u00e8s des banques pour l\u2019arr\u00eat de toute proc\u00e9dure de saisie et prolonger les d\u00e9lais de remboursement, au lieu de vendre aux ench\u00e8res les \u00e9quipements et v\u00e9hicules \u00e0 des prix d\u00e9risoires.<\/div>\n<\/div>\n<p>Auteur: Smain<br \/>\n<a href=\"https:\/\/www.reflexiondz.net\/AYANT-DU-RETARD-A-REMBOURSER-LEURS-CREDITS-De-jeunes-promoteurs-dans-l-embarras-a-Sidi-Bel-Abbes_a57079.html\">Cliquez ici pour lire l&rsquo;article depuis sa source.<\/a><\/p>\n","protected":false},"excerpt":{"rendered":"<p>Une d\u00e9marche qui a mis dans l\u2019\u00e9moi de nombreux promoteurs lorsqu\u2019ils ont re\u00e7u la visite des huissiers d\u00e9ploy\u00e9s pour r\u00e9quisitionner le mat\u00e9riel, ce qui les a pouss\u00e9s \u00e0 interpeler les instances concern\u00e9es \u00e0 respecter la d\u00e9cision du gouvernement qui stipule le gel temporaire des poursuites judiciaires et des saisies de mat\u00e9riels engag\u00e9es par les banques. [&hellip;]<\/p>\n","protected":false},"author":1740,"featured_media":0,"comment_status":"closed","ping_status":"closed","sticky":false,"template":"","format":"standard","meta":{"fifu_image_url":"","fifu_image_alt":"","footnotes":""},"categories":[53,76],"tags":[],"class_list":["post-51369","post","type-post","status-publish","format-standard","hentry","category-algerie","category-regions"],"_links":{"self":[{"href":"https:\/\/linitiative.ca\/International\/wp-json\/wp\/v2\/posts\/51369","targetHints":{"allow":["GET"]}}],"collection":[{"href":"https:\/\/linitiative.ca\/International\/wp-json\/wp\/v2\/posts"}],"about":[{"href":"https:\/\/linitiative.ca\/International\/wp-json\/wp\/v2\/types\/post"}],"author":[{"embeddable":true,"href":"https:\/\/linitiative.ca\/International\/wp-json\/wp\/v2\/users\/1740"}],"replies":[{"embeddable":true,"href":"https:\/\/linitiative.ca\/International\/wp-json\/wp\/v2\/comments?post=51369"}],"version-history":[{"count":0,"href":"https:\/\/linitiative.ca\/International\/wp-json\/wp\/v2\/posts\/51369\/revisions"}],"wp:attachment":[{"href":"https:\/\/linitiative.ca\/International\/wp-json\/wp\/v2\/media?parent=51369"}],"wp:term":[{"taxonomy":"category","embeddable":true,"href":"https:\/\/linitiative.ca\/International\/wp-json\/wp\/v2\/categories?post=51369"},{"taxonomy":"post_tag","embeddable":true,"href":"https:\/\/linitiative.ca\/International\/wp-json\/wp\/v2\/tags?post=51369"}],"curies":[{"name":"wp","href":"https:\/\/api.w.org\/{rel}","templated":true}]}}