{"id":51373,"date":"2019-08-12T14:01:00","date_gmt":"2019-08-12T18:01:00","guid":{"rendered":"https:\/\/linitiative.ca\/International\/arabie-saoudite-deces-de-deux-hadjis-algeriens-a-mina\/"},"modified":"2019-08-12T14:01:00","modified_gmt":"2019-08-12T18:01:00","slug":"arabie-saoudite-deces-de-deux-hadjis-algeriens-a-mina","status":"publish","type":"post","link":"https:\/\/linitiative.ca\/International\/arabie-saoudite-deces-de-deux-hadjis-algeriens-a-mina\/","title":{"rendered":"ARABIE SAOUDITE : D\u00e9c\u00e8s de deux hadjis  alg\u00e9riens \u00e0 Mina"},"content":{"rendered":"<p><br id=\"sep_para_1\" class=\"sep_para access\"\/><\/p>\n<div id=\"para_1\" class=\"para_32524571 resize\">\n<div class=\"photo shadow left\"><a href=\"javascript:void(0)\" rel=\"https:\/\/www.reflexiondz.net\/photo\/art\/grande\/36393249-32524571.jpg?v=1565638300&#038;ibox\" title=\"ARABIE SAOUDITE : D\u00e9c\u00e8s de deux hadjis alg\u00e9riens \u00e0 Mina\"><img decoding=\"async\" class=\"responsive c9\" src=\"https:\/\/www.reflexiondz.net\/photo\/art\/grande\/36393249-32524571.jpg?v=1565638300\" alt=\"ARABIE SAOUDITE : D\u00e9c\u00e8s de deux hadjis alg\u00e9riens \u00e0 Mina\" title=\"ARABIE SAOUDITE : D\u00e9c\u00e8s de deux hadjis alg\u00e9riens \u00e0 Mina\"\/><img decoding=\"async\" class=\"not-responsive\" src=\"https:\/\/www.reflexiondz.net\/photo\/art\/default\/36393249-32524571.jpg?v=1565638306\" alt=\"ARABIE SAOUDITE : D\u00e9c\u00e8s de deux hadjis alg\u00e9riens \u00e0 Mina\" title=\"ARABIE SAOUDITE : D\u00e9c\u00e8s de deux hadjis alg\u00e9riens \u00e0 Mina\"\/><\/a><\/div>\n<div class=\"texte access firstletter\">Deux (02) hadjis alg\u00e9riens ont rendu l&rsquo;\u00e2me ce dimanche soir \u00e0 Mina (Arabie Saoudite), a indiqu\u00e9 \u00e0 l&rsquo;APS, lundi, le chef de la d\u00e9l\u00e9gation consulaire alg\u00e9rienne. \u00ab\u00a0Il s&rsquo;agit de\u00a0 Mami Mohamed Kamel, n\u00e9 le 12 d\u00e9cembre 1951 \u00e0 M\u00e9d\u00e9a (68 ans), professeur en service d&rsquo;orthop\u00e9die \u00e0 l&rsquo;h\u00f4pital de Ben Aknoun\u00a0\u00bb, a pr\u00e9cis\u00e9 l&rsquo;ambassadeur, Abdelkader Hedjazi, ajoutant que le d\u00e9funt venu avec son \u00e9pouse \u00e9tait d\u00e9c\u00e9d\u00e9 d\u00e8s suite d&rsquo;un arr\u00eat cardiaque lors du jet des Jamarats (le rituel de lapidation)\u00a0\u00bb. Quant au deuxi\u00e8me cas, poursuit M. Hedjazi, \u00ab\u00a0il s&rsquo;agit de Allouche Abdelkader (63 ans) issu de la commune Bordj Sebat (Guelma) d\u00e9c\u00e9d\u00e9 au camps N\u00a0 96 suite \u00e0 un arr\u00eat cardiaque, sachant qu&rsquo;il avait des probl\u00e8mes de sant\u00e9\u00a0\u00bb. \u00ab\u00a0Les corps des deux hadjis se trouvent actuellement \u00e0 l&rsquo;h\u00f4pital de Mina et ils seront enterr\u00e9s en pr\u00e9sence de leurs compagnons\u00a0\u00bb, a fait savoir le diplomate, soulignant que \u00ab\u00a0la d\u00e9l\u00e9gation alg\u00e9rienne a pris toutes les mesures n\u00e9cessaires et donn\u00e9 l&rsquo;autorisation d&rsquo;inhumation aux autorit\u00e9s saoudiennes\u00a0\u00bb. A noter que le nombre des hadjis jusque-l\u00e0 d\u00e9c\u00e9d\u00e9s aux Lieux Saints s&rsquo;\u00e9l\u00e8ve \u00e0 six (06) p\u00e8lerins.<\/div>\n<\/div>\n<p>Auteur: Nadine<br \/>\n<a href=\"https:\/\/www.reflexiondz.net\/ARABIE-SAOUDITE-Deces-de-deux-hadjis-algeriens-a-Mina_a57093.html\">Cliquez ici pour lire l&rsquo;article depuis sa source.<\/a><\/p>\n","protected":false},"excerpt":{"rendered":"<p>Deux (02) hadjis alg\u00e9riens ont rendu l&rsquo;\u00e2me ce dimanche soir \u00e0 Mina (Arabie Saoudite), a indiqu\u00e9 \u00e0 l&rsquo;APS, lundi, le chef de la d\u00e9l\u00e9gation consulaire alg\u00e9rienne. \u00ab\u00a0Il s&rsquo;agit de\u00a0 Mami Mohamed Kamel, n\u00e9 le 12 d\u00e9cembre 1951 \u00e0 M\u00e9d\u00e9a (68 ans), professeur en service d&rsquo;orthop\u00e9die \u00e0 l&rsquo;h\u00f4pital de Ben Aknoun\u00a0\u00bb, a pr\u00e9cis\u00e9 l&rsquo;ambassadeur, Abdelkader Hedjazi, [&hellip;]<\/p>\n","protected":false},"author":1740,"featured_media":0,"comment_status":"closed","ping_status":"closed","sticky":false,"template":"","format":"standard","meta":{"fifu_image_url":"","fifu_image_alt":"","footnotes":""},"categories":[53,76],"tags":[],"class_list":["post-51373","post","type-post","status-publish","format-standard","hentry","category-algerie","category-regions"],"_links":{"self":[{"href":"https:\/\/linitiative.ca\/International\/wp-json\/wp\/v2\/posts\/51373","targetHints":{"allow":["GET"]}}],"collection":[{"href":"https:\/\/linitiative.ca\/International\/wp-json\/wp\/v2\/posts"}],"about":[{"href":"https:\/\/linitiative.ca\/International\/wp-json\/wp\/v2\/types\/post"}],"author":[{"embeddable":true,"href":"https:\/\/linitiative.ca\/International\/wp-json\/wp\/v2\/users\/1740"}],"replies":[{"embeddable":true,"href":"https:\/\/linitiative.ca\/International\/wp-json\/wp\/v2\/comments?post=51373"}],"version-history":[{"count":0,"href":"https:\/\/linitiative.ca\/International\/wp-json\/wp\/v2\/posts\/51373\/revisions"}],"wp:attachment":[{"href":"https:\/\/linitiative.ca\/International\/wp-json\/wp\/v2\/media?parent=51373"}],"wp:term":[{"taxonomy":"category","embeddable":true,"href":"https:\/\/linitiative.ca\/International\/wp-json\/wp\/v2\/categories?post=51373"},{"taxonomy":"post_tag","embeddable":true,"href":"https:\/\/linitiative.ca\/International\/wp-json\/wp\/v2\/tags?post=51373"}],"curies":[{"name":"wp","href":"https:\/\/api.w.org\/{rel}","templated":true}]}}