{"id":51374,"date":"2019-08-12T14:01:00","date_gmt":"2019-08-12T18:01:00","guid":{"rendered":"https:\/\/linitiative.ca\/International\/les-ennuis-judiciaires-pour-khaled-nezzar-commencent\/"},"modified":"2019-08-12T14:01:00","modified_gmt":"2019-08-12T18:01:00","slug":"les-ennuis-judiciaires-pour-khaled-nezzar-commencent","status":"publish","type":"post","link":"https:\/\/linitiative.ca\/International\/les-ennuis-judiciaires-pour-khaled-nezzar-commencent\/","title":{"rendered":"Les ennuis judiciaires pour Khaled Nezzar commencent"},"content":{"rendered":"<p><br id=\"sep_para_1\" class=\"sep_para access\"\/><\/p>\n<div id=\"para_1\" class=\"para_32524585 resize\">\n<div class=\"texte access firstletter\">La justice suisse va relancer l\u2019affaire Khaled Nezzar \u00e0 partir du 6 septembre prochain selon des indiscr\u00e9tions. Plusieurs personnes impliqu\u00e9es dans le dossier de Khaled Nezzar li\u00e9 aux exactions commises lors de la d\u00e9cennie noire des ann\u00e9es 90, seront auditionn\u00e9es en d\u00e9but de ce mois de septembre par la justice. A souligner que cette affaire avait \u00e9clat\u00e9 \u00e0 la suite de d\u00e9p\u00f4t de plaintes de trois Alg\u00e9riens contre l\u2019ancien ministre de la D\u00e9fense, Khaled Nezzar,\u00a0 l\u2019accusant de tortures subies entre 1992 et 1994. En 2017, la justice suisse avait renonc\u00e9 \u00e0 poursuivre Khaled Nezzar, pour crimes de guerre, mais, la Cour des plaintes du Tribunal p\u00e9nal f\u00e9d\u00e9ral (TPF) avait admis les recours d\u00e9pos\u00e9s par les trois int\u00e9ress\u00e9s contre l\u2019ordonnance de classement rendue par le Minist\u00e8re public de la Conf\u00e9d\u00e9ration, le 4 janvier 2017. Ainsi, les d\u00e9sagr\u00e9ments judiciaires de l\u2019ancien ministre de la D\u00e9fense nationale s\u2019allongent. Cibl\u00e9 par un mandat d\u2019arr\u00eat international lanc\u00e9 par le tribunal militaire de Blida, Khaled Nezzar est \u00e9galement convoqu\u00e9 par la justice suisse.<\/div>\n<\/div>\n<p>Auteur: R\u00e9flexion<br \/>\n<a href=\"https:\/\/www.reflexiondz.net\/Les-ennuis-judiciaires-pour-Khaled-Nezzar-commencent_a57096.html\">Cliquez ici pour lire l&rsquo;article depuis sa source.<\/a><\/p>\n","protected":false},"excerpt":{"rendered":"<p>La justice suisse va relancer l\u2019affaire Khaled Nezzar \u00e0 partir du 6 septembre prochain selon des indiscr\u00e9tions. Plusieurs personnes impliqu\u00e9es dans le dossier de Khaled Nezzar li\u00e9 aux exactions commises lors de la d\u00e9cennie noire des ann\u00e9es 90, seront auditionn\u00e9es en d\u00e9but de ce mois de septembre par la justice. A souligner que cette affaire [&hellip;]<\/p>\n","protected":false},"author":1740,"featured_media":0,"comment_status":"closed","ping_status":"closed","sticky":false,"template":"","format":"standard","meta":{"fifu_image_url":"","fifu_image_alt":"","footnotes":""},"categories":[53,76],"tags":[],"class_list":["post-51374","post","type-post","status-publish","format-standard","hentry","category-algerie","category-regions"],"_links":{"self":[{"href":"https:\/\/linitiative.ca\/International\/wp-json\/wp\/v2\/posts\/51374","targetHints":{"allow":["GET"]}}],"collection":[{"href":"https:\/\/linitiative.ca\/International\/wp-json\/wp\/v2\/posts"}],"about":[{"href":"https:\/\/linitiative.ca\/International\/wp-json\/wp\/v2\/types\/post"}],"author":[{"embeddable":true,"href":"https:\/\/linitiative.ca\/International\/wp-json\/wp\/v2\/users\/1740"}],"replies":[{"embeddable":true,"href":"https:\/\/linitiative.ca\/International\/wp-json\/wp\/v2\/comments?post=51374"}],"version-history":[{"count":0,"href":"https:\/\/linitiative.ca\/International\/wp-json\/wp\/v2\/posts\/51374\/revisions"}],"wp:attachment":[{"href":"https:\/\/linitiative.ca\/International\/wp-json\/wp\/v2\/media?parent=51374"}],"wp:term":[{"taxonomy":"category","embeddable":true,"href":"https:\/\/linitiative.ca\/International\/wp-json\/wp\/v2\/categories?post=51374"},{"taxonomy":"post_tag","embeddable":true,"href":"https:\/\/linitiative.ca\/International\/wp-json\/wp\/v2\/tags?post=51374"}],"curies":[{"name":"wp","href":"https:\/\/api.w.org\/{rel}","templated":true}]}}