{"id":51376,"date":"2019-08-12T14:01:00","date_gmt":"2019-08-12T18:01:00","guid":{"rendered":"https:\/\/linitiative.ca\/International\/gendarmerie-les-fideles-de-belkecir-eloignes\/"},"modified":"2019-08-12T14:01:00","modified_gmt":"2019-08-12T18:01:00","slug":"gendarmerie-les-fideles-de-belkecir-eloignes","status":"publish","type":"post","link":"https:\/\/linitiative.ca\/International\/gendarmerie-les-fideles-de-belkecir-eloignes\/","title":{"rendered":"Gendarmerie : les fid\u00e8les de Belkecir \u00e9loign\u00e9s"},"content":{"rendered":"<p><br id=\"sep_para_1\" class=\"sep_para access\"\/><\/p>\n<div id=\"para_1\" class=\"para_32524584 resize\">\n<div class=\"texte access firstletter\">Des sources m\u00e9diatiques ont r\u00e9v\u00e9l\u00e9 que le commandement de la gendarmerie nationale a op\u00e9r\u00e9 un remaniement au niveau des structures de base \u00e0 la suite du limogeage du g\u00e9n\u00e9ral Ghali Belkecir. Des changements ont touch\u00e9 certains fid\u00e8les de Belkecir. Parmi les responsables touch\u00e9s, on cite le commandement du groupement territorial de la Gendarmerie nationale de Tipaza, le responsable de la brigade de recherches de la gendarmerie nationale de la wilaya de Tipaza ainsi que le chef de la brigade de la gendarmerie de Kol\u00e9a. Ce changement intervient \u00e0 la veille de l\u2019ouverture d\u2019une enqu\u00eate judiciaire sur le foncier et des malversations dont certains oligarques actuellement en prison sont impliqu\u00e9s.<\/div>\n<\/div>\n<p>Auteur: R\u00e9flexion<br \/>\n<a href=\"https:\/\/www.reflexiondz.net\/Gendarmerie-les-fideles-de-Belkecir-eloignes_a57095.html\">Cliquez ici pour lire l&rsquo;article depuis sa source.<\/a><\/p>\n","protected":false},"excerpt":{"rendered":"<p>Des sources m\u00e9diatiques ont r\u00e9v\u00e9l\u00e9 que le commandement de la gendarmerie nationale a op\u00e9r\u00e9 un remaniement au niveau des structures de base \u00e0 la suite du limogeage du g\u00e9n\u00e9ral Ghali Belkecir. Des changements ont touch\u00e9 certains fid\u00e8les de Belkecir. Parmi les responsables touch\u00e9s, on cite le commandement du groupement territorial de la Gendarmerie nationale de [&hellip;]<\/p>\n","protected":false},"author":1740,"featured_media":0,"comment_status":"closed","ping_status":"closed","sticky":false,"template":"","format":"standard","meta":{"fifu_image_url":"","fifu_image_alt":"","footnotes":""},"categories":[53,76],"tags":[],"class_list":["post-51376","post","type-post","status-publish","format-standard","hentry","category-algerie","category-regions"],"_links":{"self":[{"href":"https:\/\/linitiative.ca\/International\/wp-json\/wp\/v2\/posts\/51376","targetHints":{"allow":["GET"]}}],"collection":[{"href":"https:\/\/linitiative.ca\/International\/wp-json\/wp\/v2\/posts"}],"about":[{"href":"https:\/\/linitiative.ca\/International\/wp-json\/wp\/v2\/types\/post"}],"author":[{"embeddable":true,"href":"https:\/\/linitiative.ca\/International\/wp-json\/wp\/v2\/users\/1740"}],"replies":[{"embeddable":true,"href":"https:\/\/linitiative.ca\/International\/wp-json\/wp\/v2\/comments?post=51376"}],"version-history":[{"count":0,"href":"https:\/\/linitiative.ca\/International\/wp-json\/wp\/v2\/posts\/51376\/revisions"}],"wp:attachment":[{"href":"https:\/\/linitiative.ca\/International\/wp-json\/wp\/v2\/media?parent=51376"}],"wp:term":[{"taxonomy":"category","embeddable":true,"href":"https:\/\/linitiative.ca\/International\/wp-json\/wp\/v2\/categories?post=51376"},{"taxonomy":"post_tag","embeddable":true,"href":"https:\/\/linitiative.ca\/International\/wp-json\/wp\/v2\/tags?post=51376"}],"curies":[{"name":"wp","href":"https:\/\/api.w.org\/{rel}","templated":true}]}}