{"id":51407,"date":"2019-08-12T05:07:27","date_gmt":"2019-08-12T09:07:27","guid":{"rendered":"https:\/\/linitiative.ca\/International\/organisations-financieres-internationales-le-temps-des-femmes\/"},"modified":"2019-08-12T05:07:27","modified_gmt":"2019-08-12T09:07:27","slug":"organisations-financieres-internationales-le-temps-des-femmes","status":"publish","type":"post","link":"https:\/\/linitiative.ca\/International\/organisations-financieres-internationales-le-temps-des-femmes\/","title":{"rendered":"Organisations financi\u00e8res  internationales : le temps des femmes"},"content":{"rendered":"<p><strong>Christine Lagarde, premi\u00e8re femme \u00e0 prendre la t\u00eate de la Banque centrale europ\u00e9enne<\/strong><\/p>\n<p><a href=\"https:\/\/i0.wp.com\/ecomatin.net\/wp-content\/uploads\/2019\/08\/ecomatin.net-organisations-financieres-internationales-le-temps-des-femmes-chtistine-lagarde.jpg?ssl=1\"><\/p>\n<p><img loading=\"lazy\" decoding=\"async\" data-attachment-id=\"10549\" data-permalink=\"https:\/\/ecomatin.net\/organisations-financieres-internationales-le-temps-des-femmes\/chtistine-lagarde\/\" data-orig-file=\"https:\/\/i0.wp.com\/ecomatin.net\/wp-content\/uploads\/2019\/08\/ecomatin.net-organisations-financieres-internationales-le-temps-des-femmes-chtistine-lagarde.jpg?fit=640%2C427&#038;ssl=1\" data-orig-size=\"640,427\" data-comments-opened=\"0\" data-image-meta=\"{\"aperture\":\"0\",\"credit\":\"\",\"camera\":\"\",\"caption\":\"\",\"created_timestamp\":\"0\",\"copyright\":\"\",\"focal_length\":\"0\",\"iso\":\"0\",\"shutter_speed\":\"0\",\"title\":\"\",\"orientation\":\"0\"}\" data-image-title=\"Chtistine Lagarde\" data-image-description=\"\" data-medium-file=\"https:\/\/i0.wp.com\/ecomatin.net\/wp-content\/uploads\/2019\/08\/ecomatin.net-organisations-financieres-internationales-le-temps-des-femmes-chtistine-lagarde.jpg?fit=300%2C200&#038;ssl=1\" data-large-file=\"https:\/\/i0.wp.com\/ecomatin.net\/wp-content\/uploads\/2019\/08\/ecomatin.net-organisations-financieres-internationales-le-temps-des-femmes-chtistine-lagarde.jpg?fit=640%2C427&#038;ssl=1\" class=\"wp-image-10549 alignleft\" src=\"https:\/\/i0.wp.com\/ecomatin.net\/wp-content\/uploads\/2019\/08\/ecomatin.net-organisations-financieres-internationales-le-temps-des-femmes-chtistine-lagarde.jpg?resize=230%2C153&#038;ssl=1\" alt=\"\" width=\"230\" height=\"153\" srcset=\"https:\/\/i0.wp.com\/ecomatin.net\/wp-content\/uploads\/2019\/08\/ecomatin.net-organisations-financieres-internationales-le-temps-des-femmes-chtistine-lagarde.jpg?w=640&#038;ssl=1 640w, https:\/\/i0.wp.com\/ecomatin.net\/wp-content\/uploads\/2019\/08\/ecomatin.net-organisations-financieres-internationales-le-temps-des-femmes-chtistine-lagarde.jpg?resize=300%2C200&#038;ssl=1 300w\" sizes=\"auto, (max-width: 230px) 100vw, 230px\" data-recalc-dims=\"1\"\/><\/p>\n<p><\/a><strong>Christine Lagarde<\/strong> a fait carri\u00e8re en brisant les plafonds de verre dans les couloirs de la finance internationale. Imposant un style empreint de f\u00e9minisme, elle s\u2019appr\u00eate maintenant \u00e0 prendre les r\u00eanes de la <strong>Banque centrale europ\u00e9enne<\/strong> (BCE). Premi\u00e8re \u00e0 occuper le poste de ministre fran\u00e7ais de l\u2019Economie et des Finances (2007\u20132011) sous la pr\u00e9sidence de <strong>Nicolas Sarkozy<\/strong>, Christine Lagarde fut aussi la premi\u00e8re femme \u00e0 \u00eatre nomm\u00e9e, en 2011, directrice g\u00e9n\u00e9rale du <strong>Fonds mon\u00e9taire international<\/strong> (FMI). Le magazine <strong>Forbes<\/strong> l\u2019avait consacr\u00e9e en 2018 troisi\u00e8me femme la plus puissante au monde. Un an plus tard, \u00e0 63 ans, Christine Lagarde, reconnaissable \u00e0 ses cheveux courts argent\u00e9s, ses v\u00eatements haute-couture et son large sourire, va devenir la premi\u00e8re femme \u00e0 prendre la t\u00eate de la prestigieuse BCE pour huit ans. Offrant le visage consensuel d\u2019une femme v\u00e9g\u00e9tarienne, sportive, non fumeuse, elle a pourtant d\u00fb convaincre les sceptiques \u00e0 son arriv\u00e9e \u00e0 Washington (c\u2019est une politique pas une \u00e9conomiste) et redorer le blason de l\u2019institution. Quand elle arrive en 2011, elle trouve en effet un FMI traumatis\u00e9 par le scandale sexuel qui a emport\u00e9 son chef, un autre Fran\u00e7ais, Dominique Strauss-Kahn. Et, l\u2019institution est au c\u0153ur de la gestion des r\u00e9pliques de la grande r\u00e9cession. Elle a aussi mis davantage en avant les probl\u00e9matiques sociales. Sur son rapport avec le continent noir, pour bien des membres du personnel du Fonds, sa priorit\u00e9 n\u2019\u00e9tait pas l\u2019Afrique, mais l\u2019Europe qui, la crise grecque aidant, \u00e9tait le patient malade de la plan\u00e8te. Elle se souciait aussi beaucoup de la Chine dont la formidable \u00e9mergence pouvait d\u00e9stabiliser le multilat\u00e9ralisme, si on ne lui faisait pas une place au centre du jeu mondial.<\/p>\n<hr\/>\n<h4><strong>>> Lire aussi \u2013 <a title=\"Audrey Chicot: une entrepreneuse int\u00e9gr\u00e9e dans la lutte pour l\u2019int\u00e9gration massive des femmes dans la soci\u00e9t\u00e9\" href=\"https:\/\/ecomatin.net\/audrey-chicot-une-entrepreneuse-integree-dans-la-lutte-pour-lintegration-massive-des-femmes-dans-la-societe\/\" target=\"_blank\" rel=\"noopener noreferrer\">Audrey Chicot: une entrepreneuse int\u00e9gr\u00e9e dans la lutte pour l\u2019int\u00e9gration massive des femmes dans la soci\u00e9t\u00e9<\/a><br \/><\/strong><\/h4>\n<hr\/>\n<p>Du Cameroun \u00e0 la Tunisie et du S\u00e9n\u00e9gal au Kenya, elle est all\u00e9e r\u00e9p\u00e9tant que l\u2019Afrique \u00e9tait formidable, qu\u2019elle croissait aussi vite que la Chine, qu\u2019elle avait des potentialit\u00e9s pour devenir un acteur essentiel de l\u2019\u00e9conomie internationale. Mais \u00e0 condition de surveiller ses d\u00e9ficits et sa dette, de mieux collecter ses imp\u00f4ts, de lutter contre la corruption et de diversifier une \u00e9conomie encore trop centr\u00e9e sur l\u2019exportation de mati\u00e8res premi\u00e8res brutes aux cours fluctuants. Plut\u00f4t port\u00e9e sur les questions sociales qui ne font pourtant pas partie des missions du FMI, elle s\u2019est pourtant fortement investie dans la crise de la <strong>CEMAC<\/strong> au bord de la catastrophe fin 2016 et menac\u00e9e d\u2019une d\u00e9valuation de son <strong>FCFA<\/strong>. Elle a secou\u00e9 les six gouvernements concern\u00e9s pour qu\u2019ils soient solidaires et courageux face \u00e0 la d\u00e9gradation de leurs comptes due \u00e0 la chute des cours de leurs mati\u00e8res premi\u00e8res d\u2019exportation. Malgr\u00e9 pas mal d\u2019atermoiements, le redressement est en cours.<\/p>\n<p><strong>Kristalina Georgieva, candidate \u00e0 la direction du FMI<\/strong><br \/><a href=\"https:\/\/i0.wp.com\/ecomatin.net\/wp-content\/uploads\/2019\/08\/ecomatin.net-organisations-financieres-internationales-le-temps-des-femmes-images.jpeg?ssl=1\"><\/p>\n<p><img loading=\"lazy\" decoding=\"async\" data-attachment-id=\"10550\" data-permalink=\"https:\/\/ecomatin.net\/organisations-financieres-internationales-le-temps-des-femmes\/images-5\/\" data-orig-file=\"https:\/\/i0.wp.com\/ecomatin.net\/wp-content\/uploads\/2019\/08\/ecomatin.net-organisations-financieres-internationales-le-temps-des-femmes-images.jpeg?fit=220%2C220&#038;ssl=1\" data-orig-size=\"220,220\" data-comments-opened=\"0\" data-image-meta=\"{\"aperture\":\"0\",\"credit\":\"\",\"camera\":\"\",\"caption\":\"\",\"created_timestamp\":\"0\",\"copyright\":\"\",\"focal_length\":\"0\",\"iso\":\"0\",\"shutter_speed\":\"0\",\"title\":\"\",\"orientation\":\"0\"}\" data-image-title=\"images\" data-image-description=\"\" data-medium-file=\"https:\/\/i0.wp.com\/ecomatin.net\/wp-content\/uploads\/2019\/08\/ecomatin.net-organisations-financieres-internationales-le-temps-des-femmes-images.jpeg?fit=220%2C220&#038;ssl=1\" data-large-file=\"https:\/\/i0.wp.com\/ecomatin.net\/wp-content\/uploads\/2019\/08\/ecomatin.net-organisations-financieres-internationales-le-temps-des-femmes-images.jpeg?fit=220%2C220&#038;ssl=1\" class=\" wp-image-10550 alignleft\" src=\"https:\/\/i0.wp.com\/ecomatin.net\/wp-content\/uploads\/2019\/08\/ecomatin.net-organisations-financieres-internationales-le-temps-des-femmes-images.jpeg?resize=179%2C179&#038;ssl=1\" alt=\"\" width=\"179\" height=\"179\" srcset=\"https:\/\/i0.wp.com\/ecomatin.net\/wp-content\/uploads\/2019\/08\/ecomatin.net-organisations-financieres-internationales-le-temps-des-femmes-images.jpeg?w=220&#038;ssl=1 220w, https:\/\/i0.wp.com\/ecomatin.net\/wp-content\/uploads\/2019\/08\/ecomatin.net-organisations-financieres-internationales-le-temps-des-femmes-images.jpeg?resize=150%2C150&#038;ssl=1 150w\" sizes=\"auto, (max-width: 179px) 100vw, 179px\" data-recalc-dims=\"1\"\/><\/p>\n<p><\/a>Les \u00c9tats-membres se sont finalement mis d\u2019accord sur la candidature de l\u2019actuelle num\u00e9ro deux de la <strong>Banque mondiale<\/strong>, au terme d\u2019\u00e2pres n\u00e9gociations. La Bulgare, soutenue par la France et les \u00c9tats-Unis, doit encore faire campagne pour d\u00e9crocher ce poste cl\u00e9 de l\u2019\u00e9conomie mondiale. Depuis l\u2019apr\u00e8s-guerre, la tradition n\u2019a jamais \u00e9t\u00e9 d\u00e9mentie. Un Europ\u00e9en prend la direction g\u00e9n\u00e9rale du FMI ; tandis qu\u2019un Am\u00e9ricain prend la t\u00eate de la Banque mondiale. Encore faut-il que les Europ\u00e9ens en question se mettent d\u2019accord. Voil\u00e0 qui est fait, apr\u00e8s de longues tractations, en la personne de la Bulgare <strong>Kristalina Georgieva<\/strong>, 66 ans, qui devrait donc, selon toute vraisemblance, succ\u00e9der \u00e0 la fran\u00e7aise Christine Lagarde. Soutenue par l\u2019Etat fran\u00e7ais, elle a obtenu l\u2019appui de <strong>56%<\/strong> des pays repr\u00e9sentant <strong>57%<\/strong> de la population de l\u2019UE. Docteure en \u00e9conomie, directrice g\u00e9n\u00e9rale de la Banque mondiale. Kristalina Georgieva a m\u00eame \u00e9t\u00e9 \u00e9lue commissaire europ\u00e9enne de l\u2019ann\u00e9e en 2010. Elle s\u2019occupait alors de coop\u00e9ration internationale et d\u2019aide humanitaire.<\/p>\n<hr\/>\n<h4><strong>>> Lire aussi \u2013 <a title=\"C\u00e9lestine Ketcha Court\u00e8s d\u00e9boulonne Mbwentchou\" href=\"https:\/\/ecomatin.net\/promotion-celestine-ketcha-courtes-deboulonne-mbwentchou\/\" target=\"_blank\" rel=\"noopener noreferrer\">C\u00e9lestine Ketcha Court\u00e8s d\u00e9boulonne Mbwentchou<\/a><br \/><\/strong><\/h4>\n<hr\/>\n<p>Pour acc\u00e9der \u00e0 la t\u00eate du FMI, la Bulgare, surnomm\u00e9e \u00ab <em>Action woman<\/em> \u00bb, a b\u00e9n\u00e9fici\u00e9 du soutien des pays de l\u2019Est, qui reprochent r\u00e9guli\u00e8rement \u00e0 l\u2019UE de ne leur laisser que de rares places au sein des grandes institutions de l\u2019Union. Sa candidature appara\u00eet parfaitement l\u00e9gitime. \u00ab <em>Elle a toutes les comp\u00e9tences, l\u2019exp\u00e9rience et la cr\u00e9dibilit\u00e9 internationale<\/em> \u00bb pour le poste, a soulign\u00e9 le ministre fran\u00e7ais de l\u2019\u00e9conomie, Bruno Le Maire \u00e0 l\u2019issue de la proc\u00e9dure de vote qui lui a \u00e9t\u00e9 favorable, vendredi 2 ao\u00fbt. Professeur d\u2019\u00e9conomie \u00e0 l\u2019Universit\u00e9 de Sofia, elle est autrice d\u2019une th\u00e8se sur \u00ab <em>La politique de protection de l\u2019environnement et la croissance \u00e9conomique aux \u00c9tats-Unis<\/em> \u00bb, elle obtient la possibilit\u00e9 de faire un an d\u2019\u00e9tudes postdoctorales outre-Atlantique, au prestigieux <strong>Massachusetts Institute of Technology<\/strong> (MIT). Puis, elle rejoint la Banque mondiale en 1993, l\u2019ann\u00e9e de ses quarante ans.<\/p>\n<hr\/>\n<h4><strong>>> Lire aussi \u2013 <a title=\"la nouvelle patronne des hydrocarbures au Cameroun\" href=\"https:\/\/ecomatin.net\/la-nouvelle-patronne-des-hydrocarbures-au-cameroun\/\" target=\"_blank\" rel=\"noopener noreferrer\">la nouvelle patronne des hydrocarbures au Cameroun<\/a><br \/><\/strong><\/h4>\n<hr\/>\n<p>Rien n\u2019est gagn\u00e9. Les 189 pays membres du FMI feront leur choix d\u2019ici au 4 octobre. Entre-temps, Kristalina Georgieva devra surmonter quelques difficult\u00e9s, \u00e0 commencer par celle de son \u00e2ge, qui ne jouera pas en sa faveur. En principe, les pr\u00e9tendants au poste ne peuvent pas avoir plus de 65 ans. Or, la Bulgare en aura 66 ans le 13 ao\u00fbt prochain. Il lui faudra donc obtenir une d\u00e9rogation.<\/p>\n<p><strong>Ursula Von der Leyen : premi\u00e8re pr\u00e9sidente de la Commission europ\u00e9enne<\/strong><\/p>\n<p><a href=\"https:\/\/i0.wp.com\/ecomatin.net\/wp-content\/uploads\/2019\/08\/ecomatin.net-organisations-financieres-internationales-le-temps-des-femmes-ursula-leyen-imposee-temps-eclair-paysage-politique-0-730-533.jpg?ssl=1\"><\/p>\n<p><img loading=\"lazy\" decoding=\"async\" data-attachment-id=\"10551\" data-permalink=\"https:\/\/ecomatin.net\/organisations-financieres-internationales-le-temps-des-femmes\/ursula-leyen-imposee-temps-eclair-paysage-politique-0-730-533\/\" data-orig-file=\"https:\/\/i0.wp.com\/ecomatin.net\/wp-content\/uploads\/2019\/08\/ecomatin.net-organisations-financieres-internationales-le-temps-des-femmes-ursula-leyen-imposee-temps-eclair-paysage-politique-0-730-533.jpg?fit=730%2C533&#038;ssl=1\" data-orig-size=\"730,533\" data-comments-opened=\"0\" data-image-meta=\"{\"aperture\":\"0\",\"credit\":\"EPA\",\"camera\":\"\",\"caption\":\"epa07690212 (FILE) - German Minister of Defense, Ursula von der Leyen speaks during the Open Day of the German Armed Forces (Tag der Bundeswehr) at the airfield of Fassberg, northern Germany, 15 June 2019 (reissued 02 July 2019). Reports on 02 July 2019 state the European Council has agreed on the future leaders of the EU institutions and has nominated German defence minister Ursula von der Leyen as European Commission president. EPA\/FOCKE STRANGMANN (MaxPPP TagID: epalivefour158295.jpg) [Photo via MaxPPP]\",\"created_timestamp\":\"0\",\"copyright\":\"\",\"focal_length\":\"0\",\"iso\":\"0\",\"shutter_speed\":\"0\",\"title\":\"\",\"orientation\":\"0\"}\" data-image-title=\"Ursula-Leyen-imposee-temps-eclair-paysage-politique-0-730-533\" data-image-description=\"\" data-medium-file=\"https:\/\/i0.wp.com\/ecomatin.net\/wp-content\/uploads\/2019\/08\/ecomatin.net-organisations-financieres-internationales-le-temps-des-femmes-ursula-leyen-imposee-temps-eclair-paysage-politique-0-730-533.jpg?fit=300%2C219&#038;ssl=1\" data-large-file=\"https:\/\/i0.wp.com\/ecomatin.net\/wp-content\/uploads\/2019\/08\/ecomatin.net-organisations-financieres-internationales-le-temps-des-femmes-ursula-leyen-imposee-temps-eclair-paysage-politique-0-730-533.jpg?fit=730%2C533&#038;ssl=1\" class=\"wp-image-10551 alignleft\" src=\"https:\/\/i0.wp.com\/ecomatin.net\/wp-content\/uploads\/2019\/08\/ecomatin.net-organisations-financieres-internationales-le-temps-des-femmes-ursula-leyen-imposee-temps-eclair-paysage-politique-0-730-533.jpg?resize=217%2C159&#038;ssl=1\" alt=\"\" width=\"217\" height=\"159\" srcset=\"https:\/\/i0.wp.com\/ecomatin.net\/wp-content\/uploads\/2019\/08\/ecomatin.net-organisations-financieres-internationales-le-temps-des-femmes-ursula-leyen-imposee-temps-eclair-paysage-politique-0-730-533.jpg?w=730&#038;ssl=1 730w, https:\/\/i0.wp.com\/ecomatin.net\/wp-content\/uploads\/2019\/08\/ecomatin.net-organisations-financieres-internationales-le-temps-des-femmes-ursula-leyen-imposee-temps-eclair-paysage-politique-0-730-533.jpg?resize=300%2C219&#038;ssl=1 300w\" sizes=\"auto, (max-width: 217px) 100vw, 217px\" data-recalc-dims=\"1\"\/><\/p>\n<p><\/a><\/p>\n<p>L\u2019Allemande de 60 ans, proche d\u2019Angela Merkel, succ\u00e9dera en novembre au Luxembourgeois <strong>Jean-Claude Juncker<\/strong>. Elle promet de mettre la lutte contre le r\u00e9chauffement climatique au c\u0153ur de son mandat. C\u2019est une premi\u00e8re pour l<strong>\u2018Union europ\u00e9enne<\/strong>. Les eurod\u00e9put\u00e9s ont choisi une femme pour prendre la t\u00eate de la Commission europ\u00e9enne : il s\u2019agit de l\u2019Allemande <strong>Ursula von der Leyen<\/strong>. Elle a \u00e9t\u00e9 \u00e9lue ce mardi, au sein du Parlement europ\u00e9en \u00e0 Strasbourg, par 383 voix pour mais 327 contre et 22 abstentions. Elle succ\u00e8de au Luxembourgeois Jean-Claude Juncker. \u00ab <em>C\u2019est une grande responsabilit\u00e9 et mon travail commence maintenant \u00bb<\/em>, a soulign\u00e9 la pr\u00e9sidente \u00e9lue. Ursula von der Leyen ne sera pas perdue \u00e0 Bruxelles. Elle y est n\u00e9e et y a pass\u00e9, avec ses six fr\u00e8res et s\u0153urs, une partie de son enfance. Son p\u00e8re, Ernst Albrecht, a exerc\u00e9 durant sa carri\u00e8re de hautes fonctions dans les services de la Commission. Cette enfance lui vaut une tr\u00e8s bonne ma\u00eetrise du fran\u00e7ais. Elle s\u2019exprime \u00e9galement en anglais et en allemand, n\u2019h\u00e9sitant pas \u00e0 les alterner lors de ses prises de paroles.<\/p>\n<hr\/>\n<h4><strong>>> Lire aussi \u2013 <a title=\"Directeur de la nouvelle banque \u00e9lectronique qui d\u00e9mocratise la culture bancaire\" href=\"https:\/\/ecomatin.net\/sylviane-moudeke\/\" target=\"_blank\" rel=\"noopener noreferrer\">Directeur de la nouvelle banque \u00e9lectronique qui d\u00e9mocratise la culture bancaire<\/a><br \/><\/strong><\/h4>\n<hr\/>\n<p>Cette nomination lui offre une porte de sortie vers le haut du minist\u00e8re de la D\u00e9fense, poste tr\u00e8s complexe en Allemagne et o\u00f9 elle aura vu son \u00e9toile p\u00e2lir apr\u00e8s une premi\u00e8re partie de carri\u00e8re politique d\u00e9but\u00e9e tardivement mais marqu\u00e9e notamment par un passage remarqu\u00e9 au minist\u00e8re des Affaires familiales, o\u00f9 elle n\u2019a pas h\u00e9sit\u00e9 \u00e0 aller \u00e0 l\u2019encontre des conservateurs de son parti en instaurant un cong\u00e9 de paternit\u00e9 r\u00e9mun\u00e9r\u00e9. Elle peut d\u00e9sormais pr\u00e9parer activement son mandat, qu\u2019elle promet volontaire et \u00ab audacieux \u00bb, avec en particulier une volont\u00e9 affich\u00e9e de faire de la lutte contre le r\u00e9chauffement climatique sa \u00ab priorit\u00e9 \u00bb. Apr\u00e8s avoir insist\u00e9 lors de son discours sur sa condition de femme, avec notamment un hommage appuy\u00e9 \u00e0 Simone Weil, elle promet de b\u00e2tir le premier coll\u00e8ge de commissaires \u00ab paritaire \u00bb de l\u2019histoire.<br \/>Toutefois Ursula von der Leyen peut noter une premi\u00e8re ombre \u00e0 son tableau. Elle est \u00e9lue avec une courte majorit\u00e9 de neuf voix. L\u2019Allemande a rassembl\u00e9 une coalition de trois familles politiques : les Chr\u00e9tiens-d\u00e9mocrates, les Sociaux-d\u00e9mocrates et les Lib\u00e9raux. Mais son score sugg\u00e8re des divisions au sein de chaque groupe. Il lui faudra maintenant surmonter ces fractures lors de la constitution de sa Commission.<\/p>\n<div class=\"about-author about-author-box container-wrapper\">\n<div class=\"author-avatar\">\n<p><img decoding=\"async\" src=\"http:\/\/\" alt=\"\"\/><\/p>\n<\/div>\n<p><h4>La R\u00e9daction EcoMatin<\/h4>\n<\/p>\n<\/div>\n<div class=\"awac-wrapper awac widget blog_subscription-2\">\n<h4 class=\"widget-title\">Abonnez-vous \u00e0 notre lettre d&rsquo;information<\/h4>\n<\/div>\n<p>Auteur: EcoMatin<br \/>\n<a href=\"https:\/\/ecomatin.net\/organisations-financieres-internationales-le-temps-des-femmes\/\">Cliquez ici pour lire l&rsquo;article depuis sa source.<\/a><\/p>\n","protected":false},"excerpt":{"rendered":"<p>Christine Lagarde, premi\u00e8re femme \u00e0 prendre la t\u00eate de la Banque centrale europ\u00e9enne Christine Lagarde a fait carri\u00e8re en brisant les plafonds de verre dans les couloirs de la finance internationale. Imposant un style empreint de f\u00e9minisme, elle s\u2019appr\u00eate maintenant \u00e0 prendre les r\u00eanes de la Banque centrale europ\u00e9enne (BCE). Premi\u00e8re \u00e0 occuper le poste [&hellip;]<\/p>\n","protected":false},"author":1969,"featured_media":0,"comment_status":"closed","ping_status":"closed","sticky":false,"template":"","format":"standard","meta":{"fifu_image_url":"","fifu_image_alt":"","footnotes":""},"categories":[82,78],"tags":[],"class_list":["post-51407","post","type-post","status-publish","format-standard","hentry","category-cameroun","category-economie"],"_links":{"self":[{"href":"https:\/\/linitiative.ca\/International\/wp-json\/wp\/v2\/posts\/51407","targetHints":{"allow":["GET"]}}],"collection":[{"href":"https:\/\/linitiative.ca\/International\/wp-json\/wp\/v2\/posts"}],"about":[{"href":"https:\/\/linitiative.ca\/International\/wp-json\/wp\/v2\/types\/post"}],"author":[{"embeddable":true,"href":"https:\/\/linitiative.ca\/International\/wp-json\/wp\/v2\/users\/1969"}],"replies":[{"embeddable":true,"href":"https:\/\/linitiative.ca\/International\/wp-json\/wp\/v2\/comments?post=51407"}],"version-history":[{"count":0,"href":"https:\/\/linitiative.ca\/International\/wp-json\/wp\/v2\/posts\/51407\/revisions"}],"wp:attachment":[{"href":"https:\/\/linitiative.ca\/International\/wp-json\/wp\/v2\/media?parent=51407"}],"wp:term":[{"taxonomy":"category","embeddable":true,"href":"https:\/\/linitiative.ca\/International\/wp-json\/wp\/v2\/categories?post=51407"},{"taxonomy":"post_tag","embeddable":true,"href":"https:\/\/linitiative.ca\/International\/wp-json\/wp\/v2\/tags?post=51407"}],"curies":[{"name":"wp","href":"https:\/\/api.w.org\/{rel}","templated":true}]}}