{"id":51415,"date":"2019-08-13T08:10:06","date_gmt":"2019-08-13T12:10:06","guid":{"rendered":"https:\/\/linitiative.ca\/International\/aid-el-adha-a-el-oued-programme-de-permanence-respecte\/"},"modified":"2019-08-13T08:10:06","modified_gmt":"2019-08-13T12:10:06","slug":"aid-el-adha-a-el-oued-programme-de-permanence-respecte","status":"publish","type":"post","link":"https:\/\/linitiative.ca\/International\/aid-el-adha-a-el-oued-programme-de-permanence-respecte\/","title":{"rendered":"A\u00efd El Adha \u00e0 El Oued : programme de permanence respect\u00e9"},"content":{"rendered":"<div>\n<div class=\"K2FeedIntroText\">\n<p><strong>ELOUED &#8211; Le programme de permanence des commerces pour la f\u00eate de l&rsquo;A\u00efd El Adha a \u00e9t\u00e9 largement respect\u00e9 par les commer\u00e7ants r\u00e9quisitionn\u00e9s dans la wilaya d&rsquo;El Oued, a-t-on appris mardi aupr\u00e8s des responsables de la direction du Commerce (DC).<\/strong><\/p>\n<\/div>\n<div class=\"K2FeedFullText\">\n<p>Il s&rsquo;agit des commer\u00e7ants exer\u00e7ant diverses activit\u00e9s, dont les Boulangeries, les magasins d&rsquo;alimentation g\u00e9n\u00e9rale, distributeurs de Lait et ses d\u00e9riv\u00e9s, en plus du secteur des prestations pharmaceutiques et stations de carburant, a indiqu\u00e9 le directeur local du Commerce par int\u00e9rim, Kamel Baci.<\/p>\n<p>\u00ab\u00a0Ce large suivi de la permanence de l&rsquo;A\u00efd El Adha refl\u00e8te l&rsquo;esprit de responsabilit\u00e9 des commer\u00e7ants envers le consommateur, \u00e0 assurer la disponibilit\u00e9 des produits de large consommation durant les deux jours de cette f\u00eate religieuse\u00a0\u00bb, a-t-il soulign\u00e9, estimant que c&rsquo;est d\u00fb \u00e9galement \u00e0 l&rsquo;efficacit\u00e9 des actions de sensibilisation des commer\u00e7ants men\u00e9es par les services de la direction du commerce en vue de satisfaire les besoins des consommateurs.<\/p>\n<p>Approch\u00e9s par l&rsquo;APS\u00a0\u00bb de nombreux citoyens rencontr\u00e9s dans des espaces commerciaux ont exprim\u00e9 leurs \u00ab\u00a0satisfaction\u00a0\u00bb quant au respect du programme de permanence durant cette f\u00eate religieuse.<\/p>\n<p>Parmi ces consommateurs, le jeune L. Zine El Abidine, qui a d\u00e9clar\u00e9 qu&rsquo;il avait achet\u00e9 du pain, un produit alimentaire de large consommation, \u00ab\u00a0sans les tracas des files d&rsquo;attentes\u00a0\u00bb. Son ami G\/Mahdi a salu\u00e9 de son c\u00f4t\u00e9 le respect du programme des permanences notamment par les pharmacies, indiquant s&rsquo;\u00eatre fourni en m\u00e9dicaments chez une pharmacie pr\u00e8s de chez lui.<\/p>\n<p>D&rsquo;intenses compagnes de sensibilisations ont \u00e9t\u00e9 men\u00e9es auparavant par les services de la direction du Commerce de la wilaya pour inciter les commer\u00e7ants \u00e0 respecter la permanence de l&rsquo;A\u00efd El Adha.<\/p>\n<\/div>\n<\/div>\n<p>Auteur:<br \/>\n<a href=\"http:\/\/www.aps.dz\/regions\/93129-aid-el-adha-a-el-oued-programme-de-permanence-respecte\">Cliquez ici pour lire l&rsquo;article depuis sa source.<\/a><\/p>\n","protected":false},"excerpt":{"rendered":"<p>ELOUED &#8211; Le programme de permanence des commerces pour la f\u00eate de l&rsquo;A\u00efd El Adha a \u00e9t\u00e9 largement respect\u00e9 par les commer\u00e7ants r\u00e9quisitionn\u00e9s dans la wilaya d&rsquo;El Oued, a-t-on appris mardi aupr\u00e8s des responsables de la direction du Commerce (DC). Il s&rsquo;agit des commer\u00e7ants exer\u00e7ant diverses activit\u00e9s, dont les Boulangeries, les magasins d&rsquo;alimentation g\u00e9n\u00e9rale, distributeurs [&hellip;]<\/p>\n","protected":false},"author":1790,"featured_media":0,"comment_status":"closed","ping_status":"closed","sticky":false,"template":"","format":"standard","meta":{"fifu_image_url":"","fifu_image_alt":"","footnotes":""},"categories":[53,76],"tags":[],"class_list":["post-51415","post","type-post","status-publish","format-standard","hentry","category-algerie","category-regions"],"_links":{"self":[{"href":"https:\/\/linitiative.ca\/International\/wp-json\/wp\/v2\/posts\/51415","targetHints":{"allow":["GET"]}}],"collection":[{"href":"https:\/\/linitiative.ca\/International\/wp-json\/wp\/v2\/posts"}],"about":[{"href":"https:\/\/linitiative.ca\/International\/wp-json\/wp\/v2\/types\/post"}],"author":[{"embeddable":true,"href":"https:\/\/linitiative.ca\/International\/wp-json\/wp\/v2\/users\/1790"}],"replies":[{"embeddable":true,"href":"https:\/\/linitiative.ca\/International\/wp-json\/wp\/v2\/comments?post=51415"}],"version-history":[{"count":0,"href":"https:\/\/linitiative.ca\/International\/wp-json\/wp\/v2\/posts\/51415\/revisions"}],"wp:attachment":[{"href":"https:\/\/linitiative.ca\/International\/wp-json\/wp\/v2\/media?parent=51415"}],"wp:term":[{"taxonomy":"category","embeddable":true,"href":"https:\/\/linitiative.ca\/International\/wp-json\/wp\/v2\/categories?post=51415"},{"taxonomy":"post_tag","embeddable":true,"href":"https:\/\/linitiative.ca\/International\/wp-json\/wp\/v2\/tags?post=51415"}],"curies":[{"name":"wp","href":"https:\/\/api.w.org\/{rel}","templated":true}]}}