{"id":51486,"date":"2019-08-13T14:46:00","date_gmt":"2019-08-13T18:46:00","guid":{"rendered":"https:\/\/linitiative.ca\/International\/accuse-de-vouloir-paralyser-le-parlement-le-sg-du-rnd-azzeddine-mihoubi-reagit\/"},"modified":"2019-08-13T14:46:00","modified_gmt":"2019-08-13T18:46:00","slug":"accuse-de-vouloir-paralyser-le-parlement-le-sg-du-rnd-azzeddine-mihoubi-reagit","status":"publish","type":"post","link":"https:\/\/linitiative.ca\/International\/accuse-de-vouloir-paralyser-le-parlement-le-sg-du-rnd-azzeddine-mihoubi-reagit\/","title":{"rendered":"ACCUSE DE VOULOIR PARALYSER LE PARLEMENT : Le SG du RND Azzeddine Mihoubi r\u00e9agit"},"content":{"rendered":"<p><br id=\"sep_para_1\" class=\"sep_para access\"\/><\/p>\n<div id=\"para_1\" class=\"para_32538521 resize\">\n<div class=\"texte access firstletter\">Azzeddine Mihoubi, secr\u00e9taire g\u00e9n\u00e9ral du RND par int\u00e9rim a d\u00e9menti\u00a0 ce lundi l\u2019information selon laquelle son parti comptait, avec le FLN, bloquer le parlement s\u2019ils venaient \u00e0 \u00eatre exclus du dialogue politique en cours. \u00ab Une information d\u00e9nu\u00e9e de tout fondement rapport\u00e9e aujourd\u2019hui par un organe d\u2019information laisse croire que le RND, avec un autre parti, menacent de paralyser le parlement, s\u2019ils sont exclus\u00a0 du dialogue national \u00bb, \u00e9crit Azzeddine\u00a0 Mihoubi sur son compte Twiter. \u00ab En ma qualit\u00e9 de SG par int\u00e9rim du RND, je tiens \u00e0 d\u00e9mentir formellement cette information, niant que le RND ait pens\u00e9 un jour \u00e0 adopter\u00a0 une telle d\u00e9marche \u00bb, ajoute le premier responsable du RND qui profite d\u2019ailleurs pour renouveler son soutien \u00e0 la Commission du Dialogue et de M\u00e9diation \u00ab pour faire aboutir sa mission \u00bb\u00a0 Pour rappel, le Coordinateur de cette commission Karim Youn\u00e9s a d\u00e9clar\u00e9 ne pas associer les partis de l\u2019ex coalition pr\u00e9sidentielle au processus du dialogue, en r\u00e9ponse \u00e0 la volont\u00e9 du Hirak qui r\u00e9clame , au contraire, la dissolution de ces partis, notamment le FLN.\u00a0<\/div>\n<\/div>\n<p>Auteur: Ismain<br \/>\n<a href=\"https:\/\/www.reflexiondz.net\/ACCUSE-DE-VOULOIR-PARALYSER-LE-PARLEMENT-Le-SG-du-RND-Azzeddine-Mihoubi-reagit_a57111.html\">Cliquez ici pour lire l&rsquo;article depuis sa source.<\/a><\/p>\n","protected":false},"excerpt":{"rendered":"<p>Azzeddine Mihoubi, secr\u00e9taire g\u00e9n\u00e9ral du RND par int\u00e9rim a d\u00e9menti\u00a0 ce lundi l\u2019information selon laquelle son parti comptait, avec le FLN, bloquer le parlement s\u2019ils venaient \u00e0 \u00eatre exclus du dialogue politique en cours. \u00ab Une information d\u00e9nu\u00e9e de tout fondement rapport\u00e9e aujourd\u2019hui par un organe d\u2019information laisse croire que le RND, avec un autre [&hellip;]<\/p>\n","protected":false},"author":1740,"featured_media":0,"comment_status":"closed","ping_status":"closed","sticky":false,"template":"","format":"standard","meta":{"fifu_image_url":"","fifu_image_alt":"","footnotes":""},"categories":[53,76],"tags":[],"class_list":["post-51486","post","type-post","status-publish","format-standard","hentry","category-algerie","category-regions"],"_links":{"self":[{"href":"https:\/\/linitiative.ca\/International\/wp-json\/wp\/v2\/posts\/51486","targetHints":{"allow":["GET"]}}],"collection":[{"href":"https:\/\/linitiative.ca\/International\/wp-json\/wp\/v2\/posts"}],"about":[{"href":"https:\/\/linitiative.ca\/International\/wp-json\/wp\/v2\/types\/post"}],"author":[{"embeddable":true,"href":"https:\/\/linitiative.ca\/International\/wp-json\/wp\/v2\/users\/1740"}],"replies":[{"embeddable":true,"href":"https:\/\/linitiative.ca\/International\/wp-json\/wp\/v2\/comments?post=51486"}],"version-history":[{"count":0,"href":"https:\/\/linitiative.ca\/International\/wp-json\/wp\/v2\/posts\/51486\/revisions"}],"wp:attachment":[{"href":"https:\/\/linitiative.ca\/International\/wp-json\/wp\/v2\/media?parent=51486"}],"wp:term":[{"taxonomy":"category","embeddable":true,"href":"https:\/\/linitiative.ca\/International\/wp-json\/wp\/v2\/categories?post=51486"},{"taxonomy":"post_tag","embeddable":true,"href":"https:\/\/linitiative.ca\/International\/wp-json\/wp\/v2\/tags?post=51486"}],"curies":[{"name":"wp","href":"https:\/\/api.w.org\/{rel}","templated":true}]}}